{"id":74,"date":"2008-04-11T13:56:22","date_gmt":"2008-04-11T20:56:22","guid":{"rendered":"http:\/\/blog.mozilla.org\/blog\/2008\/04\/11\/mozilla-coming-to-brazil\/"},"modified":"2014-04-21T00:13:33","modified_gmt":"2014-04-21T07:13:33","slug":"mozilla-coming-to-brazil","status":"publish","type":"post","link":"https:\/\/blog.mozilla.org\/blogarchive\/blog\/2008\/04\/11\/mozilla-coming-to-brazil\/","title":{"rendered":"Al\u00f4, al\u00f4 Mozilla, aquele abra\u00e7o!"},"content":{"rendered":"<p><em>Editor&#8217;s Note: I\u2019d like to share a guest post from Ronaldo Lemos and Bruno Magrani of the Center for Technology &amp; Society at FGV Law School, Rio de Janeiro, Brazil.\u00a0<\/em><\/p>\n<p><img decoding=\"async\" src=\"http:\/\/blog.mozilla.org\/files\/2008\/04\/bruno-firefox1.jpg\" alt=\"bruno magrani\" \/><br \/>\n<font size=\"1\"><em>Bruno Magrani<\/em><\/font><\/p>\n<p>Next week, Mozilla will participate in the <a href=\"http:\/\/fisl.softwarelivre.org\/\" title=\"9th F\u00f3rum Internacional do Software Livre (International Free Software Forum - FISL)\" id=\"dc.i\">9th F\u00f3rum Internacional do Software Livre (International Free Software Forum &#8211; FISL)<\/a> in <a href=\"http:\/\/maps.google.com\/maps?f=q&amp;hl=en&amp;geocode=&amp;q=Porto+Alegre,+Brazil&amp;ie=UTF8&amp;ll=-30.033879,-51.228046&amp;spn=0.090208,0.188141&amp;t=h&amp;z=13\" title=\"Porto Alegre, Brazil\" id=\"ct_l\">Porto Alegre, Brazil<\/a>. This is the second time that Mozilla will be in Brazil on an &#8220;official&#8221; visit. This time, the group includes Mitchell Baker (Mozilla&#8217;s Chairperson), Chris Blizzard, Marcio Galli, Mary Colvig, Taras Glek and Chris Hofmann. In their visit, they will be in touch with a vibrant and growing community of free software users, developers and enthusiasts. This is a great opportunity both for Mozilla and for the Brazilian community to get together and work with Firefox and other initiatives that promote the core values of the net, including openness and freedom.<\/p>\n<p>Ronaldo Lemos and I have been helping support Mozilla&#8217;s presence here in Brazil and at FISL.\u00a0 This is not the first time that our institution, the <a href=\"http:\/\/www.direitorio.fgv.br\/cts\" title=\"Center for Technology &amp; Society at the FGV Law School in Rio de Janeiro\" id=\"slez\">Center for Technology &amp; Society at the FGV Law School in Rio de Janeiro<\/a> has participated in the Forum. We&#8217;ve worked closely with FISL in the past few years and we launched the <a href=\"http:\/\/www.creativecommons.org.br\/\" title=\"Brazilian branch of the Creative Commons project\" id=\"y\">Brazilian branch of the Creative Commons project<\/a> at the Forum in March 2004. This was an unforgettable event, I believe both for us, and for the more than 1,500 participants attending the launch, anxious to hear Minister Gilberto Gil, Marcelo Tas, Terry Fisher, Lawrence Lessig, Luis Nassif, Andr\u00e9 Midani, Claudio Prado, Joaquim Falc\u00e3o, and so many others who care a lot about the future of the internet. A video of the launch can be watched <a href=\"http:\/\/www.youtube.com\/watch?v=omWatPd_sq8\">here<\/a>.<\/p>\n<p>This year we are very happy to be back again at the Free Software Forum (this will be our 4th year at the event). Besides organizing\/participating in a few panels, we will be there to support Mozilla\u00b4s visit the best way we can, including <a href=\"http:\/\/wiki.mozilla.com\/FISL\" title=\"their workshop\" id=\"sl7f\">their work<\/a><a href=\"http:\/\/wiki.mozilla.com\/FISL\" title=\"their workshop\" id=\"sl7f\">shop<\/a>. We are very honored to do this, especially because we believe Mozilla will find in Brazil a place where not only we share common values, but also, put them into practice, thanks to our natural &#8220;<a href=\"http:\/\/en.wikipedia.org\/wiki\/Tropicalismo\">tropicalist<\/a>&#8221; mindset, and to the fact that the meaning of &#8220;openness&#8221; is very strong for us. One symbol of that is the fact that President Lula is expected at the Forum this year, and Brazil is well-known worldwide for its support of free software and free culture. Without further ado, we look forward to a great conference and Mozilla visit!<font color=\"#888888\"><br \/>\n<\/font><\/p>\n","protected":false},"excerpt":{"rendered":"<p>Editor&#8217;s Note: I\u2019d like to share a guest post from Ronaldo Lemos and Bruno Magrani of the Center for Technology &amp; Society at FGV Law School, Rio de Janeiro, Brazil.\u00a0 &hellip; <a class=\"go\" href=\"https:\/\/blog.mozilla.org\/blogarchive\/blog\/2008\/04\/11\/mozilla-coming-to-brazil\/\">Read more<\/a><\/p>\n","protected":false},"author":46,"featured_media":0,"comment_status":"closed","ping_status":"closed","sticky":false,"template":"","format":"standard","meta":{"footnotes":""},"categories":[67],"tags":[],"coauthors":[],"yoast_head":"<!-- This site is optimized with the Yoast SEO plugin v22.5 - https:\/\/yoast.com\/wordpress\/plugins\/seo\/ -->\n<title>Al\u00f4, al\u00f4 Mozilla, aquele abra\u00e7o! - The Mozilla Blog (Archived)<\/title>\n<meta name=\"robots\" content=\"index, follow, max-snippet:-1, max-image-preview:large, max-video-preview:-1\" \/>\n<link rel=\"canonical\" href=\"https:\/\/blog.mozilla.org\/blogarchive\/blog\/2008\/04\/11\/mozilla-coming-to-brazil\/\" \/>\n<meta name=\"twitter:label1\" content=\"Written by\" \/>\n\t<meta name=\"twitter:data1\" content=\"Mary Colvig\" \/>\n\t<meta name=\"twitter:label2\" content=\"Est. reading time\" \/>\n\t<meta name=\"twitter:data2\" content=\"2 minutes\" \/>\n<script type=\"application\/ld+json\" class=\"yoast-schema-graph\">{\"@context\":\"https:\/\/schema.org\",\"@graph\":[{\"@type\":\"WebPage\",\"@id\":\"https:\/\/blog.mozilla.org\/blogarchive\/blog\/2008\/04\/11\/mozilla-coming-to-brazil\/\",\"url\":\"https:\/\/blog.mozilla.org\/blogarchive\/blog\/2008\/04\/11\/mozilla-coming-to-brazil\/\",\"name\":\"Al\u00f4, al\u00f4 Mozilla, aquele abra\u00e7o! - The Mozilla Blog (Archived)\",\"isPartOf\":{\"@id\":\"https:\/\/blog.mozilla.org\/blogarchive\/#website\"},\"primaryImageOfPage\":{\"@id\":\"https:\/\/blog.mozilla.org\/blogarchive\/blog\/2008\/04\/11\/mozilla-coming-to-brazil\/#primaryimage\"},\"image\":{\"@id\":\"https:\/\/blog.mozilla.org\/blogarchive\/blog\/2008\/04\/11\/mozilla-coming-to-brazil\/#primaryimage\"},\"thumbnailUrl\":\"http:\/\/blog.mozilla.org\/files\/2008\/04\/bruno-firefox1.jpg\",\"datePublished\":\"2008-04-11T20:56:22+00:00\",\"dateModified\":\"2014-04-21T07:13:33+00:00\",\"author\":{\"@id\":\"https:\/\/blog.mozilla.org\/blogarchive\/#\/schema\/person\/6b427a5ae2f55998f28d1e463e8f250b\"},\"breadcrumb\":{\"@id\":\"https:\/\/blog.mozilla.org\/blogarchive\/blog\/2008\/04\/11\/mozilla-coming-to-brazil\/#breadcrumb\"},\"inLanguage\":\"en-US\",\"potentialAction\":[{\"@type\":\"ReadAction\",\"target\":[\"https:\/\/blog.mozilla.org\/blogarchive\/blog\/2008\/04\/11\/mozilla-coming-to-brazil\/\"]}]},{\"@type\":\"ImageObject\",\"inLanguage\":\"en-US\",\"@id\":\"https:\/\/blog.mozilla.org\/blogarchive\/blog\/2008\/04\/11\/mozilla-coming-to-brazil\/#primaryimage\",\"url\":\"http:\/\/blog.mozilla.org\/files\/2008\/04\/bruno-firefox1.jpg\",\"contentUrl\":\"http:\/\/blog.mozilla.org\/files\/2008\/04\/bruno-firefox1.jpg\"},{\"@type\":\"BreadcrumbList\",\"@id\":\"https:\/\/blog.mozilla.org\/blogarchive\/blog\/2008\/04\/11\/mozilla-coming-to-brazil\/#breadcrumb\",\"itemListElement\":[{\"@type\":\"ListItem\",\"position\":1,\"name\":\"Home\",\"item\":\"https:\/\/blog.mozilla.org\/blogarchive\/\"},{\"@type\":\"ListItem\",\"position\":2,\"name\":\"Al\u00f4, al\u00f4 Mozilla, aquele abra\u00e7o!\"}]},{\"@type\":\"WebSite\",\"@id\":\"https:\/\/blog.mozilla.org\/blogarchive\/#website\",\"url\":\"https:\/\/blog.mozilla.org\/blogarchive\/\",\"name\":\"The Mozilla Blog (Archived)\",\"description\":\"Dispatches from the Internet frontier.\",\"potentialAction\":[{\"@type\":\"SearchAction\",\"target\":{\"@type\":\"EntryPoint\",\"urlTemplate\":\"https:\/\/blog.mozilla.org\/blogarchive\/?s={search_term_string}\"},\"query-input\":\"required name=search_term_string\"}],\"inLanguage\":\"en-US\"},{\"@type\":\"Person\",\"@id\":\"https:\/\/blog.mozilla.org\/blogarchive\/#\/schema\/person\/6b427a5ae2f55998f28d1e463e8f250b\",\"name\":\"Mary Colvig\",\"image\":{\"@type\":\"ImageObject\",\"inLanguage\":\"en-US\",\"@id\":\"https:\/\/blog.mozilla.org\/blogarchive\/#\/schema\/person\/image\/00d300b7d7455a518987084a090cc9c2\",\"url\":\"https:\/\/secure.gravatar.com\/avatar\/28fb5c751811f03871f34305276c6738?s=96&d=mm&r=g\",\"contentUrl\":\"https:\/\/secure.gravatar.com\/avatar\/28fb5c751811f03871f34305276c6738?s=96&d=mm&r=g\",\"caption\":\"Mary Colvig\"},\"description\":\"Director, Community Engagement, Mozilla\",\"url\":\"https:\/\/blog.mozilla.org\/blogarchive\/blog\/author\/marymozillacom\/\"}]}<\/script>\n<!-- \/ Yoast SEO plugin. -->","yoast_head_json":{"title":"Al\u00f4, al\u00f4 Mozilla, aquele abra\u00e7o! - The Mozilla Blog (Archived)","robots":{"index":"index","follow":"follow","max-snippet":"max-snippet:-1","max-image-preview":"max-image-preview:large","max-video-preview":"max-video-preview:-1"},"canonical":"https:\/\/blog.mozilla.org\/blogarchive\/blog\/2008\/04\/11\/mozilla-coming-to-brazil\/","twitter_misc":{"Written by":"Mary Colvig","Est. reading time":"2 minutes"},"schema":{"@context":"https:\/\/schema.org","@graph":[{"@type":"WebPage","@id":"https:\/\/blog.mozilla.org\/blogarchive\/blog\/2008\/04\/11\/mozilla-coming-to-brazil\/","url":"https:\/\/blog.mozilla.org\/blogarchive\/blog\/2008\/04\/11\/mozilla-coming-to-brazil\/","name":"Al\u00f4, al\u00f4 Mozilla, aquele abra\u00e7o! - The Mozilla Blog (Archived)","isPartOf":{"@id":"https:\/\/blog.mozilla.org\/blogarchive\/#website"},"primaryImageOfPage":{"@id":"https:\/\/blog.mozilla.org\/blogarchive\/blog\/2008\/04\/11\/mozilla-coming-to-brazil\/#primaryimage"},"image":{"@id":"https:\/\/blog.mozilla.org\/blogarchive\/blog\/2008\/04\/11\/mozilla-coming-to-brazil\/#primaryimage"},"thumbnailUrl":"http:\/\/blog.mozilla.org\/files\/2008\/04\/bruno-firefox1.jpg","datePublished":"2008-04-11T20:56:22+00:00","dateModified":"2014-04-21T07:13:33+00:00","author":{"@id":"https:\/\/blog.mozilla.org\/blogarchive\/#\/schema\/person\/6b427a5ae2f55998f28d1e463e8f250b"},"breadcrumb":{"@id":"https:\/\/blog.mozilla.org\/blogarchive\/blog\/2008\/04\/11\/mozilla-coming-to-brazil\/#breadcrumb"},"inLanguage":"en-US","potentialAction":[{"@type":"ReadAction","target":["https:\/\/blog.mozilla.org\/blogarchive\/blog\/2008\/04\/11\/mozilla-coming-to-brazil\/"]}]},{"@type":"ImageObject","inLanguage":"en-US","@id":"https:\/\/blog.mozilla.org\/blogarchive\/blog\/2008\/04\/11\/mozilla-coming-to-brazil\/#primaryimage","url":"http:\/\/blog.mozilla.org\/files\/2008\/04\/bruno-firefox1.jpg","contentUrl":"http:\/\/blog.mozilla.org\/files\/2008\/04\/bruno-firefox1.jpg"},{"@type":"BreadcrumbList","@id":"https:\/\/blog.mozilla.org\/blogarchive\/blog\/2008\/04\/11\/mozilla-coming-to-brazil\/#breadcrumb","itemListElement":[{"@type":"ListItem","position":1,"name":"Home","item":"https:\/\/blog.mozilla.org\/blogarchive\/"},{"@type":"ListItem","position":2,"name":"Al\u00f4, al\u00f4 Mozilla, aquele abra\u00e7o!"}]},{"@type":"WebSite","@id":"https:\/\/blog.mozilla.org\/blogarchive\/#website","url":"https:\/\/blog.mozilla.org\/blogarchive\/","name":"The Mozilla Blog (Archived)","description":"Dispatches from the Internet frontier.","potentialAction":[{"@type":"SearchAction","target":{"@type":"EntryPoint","urlTemplate":"https:\/\/blog.mozilla.org\/blogarchive\/?s={search_term_string}"},"query-input":"required name=search_term_string"}],"inLanguage":"en-US"},{"@type":"Person","@id":"https:\/\/blog.mozilla.org\/blogarchive\/#\/schema\/person\/6b427a5ae2f55998f28d1e463e8f250b","name":"Mary Colvig","image":{"@type":"ImageObject","inLanguage":"en-US","@id":"https:\/\/blog.mozilla.org\/blogarchive\/#\/schema\/person\/image\/00d300b7d7455a518987084a090cc9c2","url":"https:\/\/secure.gravatar.com\/avatar\/28fb5c751811f03871f34305276c6738?s=96&d=mm&r=g","contentUrl":"https:\/\/secure.gravatar.com\/avatar\/28fb5c751811f03871f34305276c6738?s=96&d=mm&r=g","caption":"Mary Colvig"},"description":"Director, Community Engagement, Mozilla","url":"https:\/\/blog.mozilla.org\/blogarchive\/blog\/author\/marymozillacom\/"}]}},"_links":{"self":[{"href":"https:\/\/blog.mozilla.org\/blogarchive\/wp-json\/wp\/v2\/posts\/74"}],"collection":[{"href":"https:\/\/blog.mozilla.org\/blogarchive\/wp-json\/wp\/v2\/posts"}],"about":[{"href":"https:\/\/blog.mozilla.org\/blogarchive\/wp-json\/wp\/v2\/types\/post"}],"author":[{"embeddable":true,"href":"https:\/\/blog.mozilla.org\/blogarchive\/wp-json\/wp\/v2\/users\/46"}],"replies":[{"embeddable":true,"href":"https:\/\/blog.mozilla.org\/blogarchive\/wp-json\/wp\/v2\/comments?post=74"}],"version-history":[{"count":0,"href":"https:\/\/blog.mozilla.org\/blogarchive\/wp-json\/wp\/v2\/posts\/74\/revisions"}],"wp:attachment":[{"href":"https:\/\/blog.mozilla.org\/blogarchive\/wp-json\/wp\/v2\/media?parent=74"}],"wp:term":[{"taxonomy":"category","embeddable":true,"href":"https:\/\/blog.mozilla.org\/blogarchive\/wp-json\/wp\/v2\/categories?post=74"},{"taxonomy":"post_tag","embeddable":true,"href":"https:\/\/blog.mozilla.org\/blogarchive\/wp-json\/wp\/v2\/tags?post=74"},{"taxonomy":"author","embeddable":true,"href":"https:\/\/blog.mozilla.org\/blogarchive\/wp-json\/wp\/v2\/coauthors?post=74"}],"curies":[{"name":"wp","href":"https:\/\/api.w.org\/{rel}","templated":true}]}}