{"id":63310,"date":"2019-06-11T00:00:00","date_gmt":"2019-06-11T00:00:00","guid":{"rendered":"http:\/\/blog.mozilla.org\/foxtail\/2019\/06\/11\/offener-brief-an-das-bundesministerium-des-innern-fuer-bau-und-heimat-zur-innenministerkonferenz\/"},"modified":"2019-06-11T00:00:00","modified_gmt":"2019-06-11T00:00:00","slug":"offener-brief-an-das-bundesministerium-des-innern-fuer-bau-und-heimat-zur-innenministerkonferenz","status":"publish","type":"post","link":"https:\/\/blog.mozilla.org\/de\/unkategorisiert\/offener-brief-an-das-bundesministerium-des-innern-fuer-bau-und-heimat-zur-innenministerkonferenz\/","title":{"rendered":"Offener Brief an das Bundesministerium des Innern, f\u00fcr Bau und Heimat zur Innenministerkonferenz"},"content":{"rendered":"<p>Wir von Mozilla haben heute, gemeinsam mit mehr als 100 anderen Unterzeichnern aus Deutschland und Europa, <a href=\"https:\/\/docs.google.com\/document\/d\/1W5iDcExzWfS3lvw3P_zpZYg0KvxlgGCfxSWV-f_p8n0\/edit#\">einen offenen Brief an das Bundesministerium des Innern, f\u00fcr Bau und Heimat ver\u00f6ffentlicht<\/a>. Darin warnen wir ausdr\u00fccklich vor einer laut Medienberichten geplanten Gesetzes\u00e4nderung w\u00e4hrend der Innenministerkonferenz, um es deutschen Polizei- und Sicherheitsbeh\u00f6rden k\u00fcnftig leichter zu machen, Zugriff auf die digitale Kommunikation von Verd\u00e4chtigen zu erhalten. Daf\u00fcr sollen Anbieter von Messenger-Diensten wie beispielsweise Whatsapp, Threema oder iMessage gesetzlich verpflichtet werden, ihre Verschl\u00fcsselungstechnik so umzubauen, dass Beh\u00f6rden bei Verdachtsf\u00e4llen die gesamte Kommunikation von Nutzer_innen mitschneiden k\u00f6nnen. Damit fordern wir \u00f6ffentlich neben zahlreichen Vertretern aus Industrie, Organisationen und Verb\u00e4nden, der Wirtschaft, Wissenschaft und Zivilgesellschaft eine sofortige Abkehr von diesem oder \u00e4hnlichen politischen Vorhaben auf deutscher wie europ\u00e4ischer Ebene.<\/p>\n<p>\u00a0<\/p>\n<p>Wir sind der Meinung, dass die vorgeschlagene Reform das Sicherheitsniveau von Millionen deutscher Internet-Nutzer_innen schlagartig senken, neue Einfallstore f\u00fcr ausl\u00e4ndische Nachrichtendienste und Internetkriminelle schaffen sowie das internationale Ansehen Deutschlands als f\u00fchrender Standort f\u00fcr eine sichere und datenschutz-orientierte Digitalwirtschaft massiv besch\u00e4digen w\u00fcrde.<\/p>\n<p>\u00a0<\/p>\n<p>Statt bereits seit Jahren \u00fcberholte Reform-Ideen umzusetzen, sollte das Bundesministerium des Innern bei seiner Innenministerkonferenz, f\u00fcr Bau und Heimat aus unserer Sicht einen neuen sicherheitspolitischen Weg einschlagen und Vorschl\u00e4ge entwickeln, die die Arbeit der Polizei- und Sicherheitsbeh\u00f6rden verbessern, ohne dabei aber die Sicherheit von IT-Systemen und privater Kommunikation in Deutschland insgesamt zu verschlechtern.<\/p>\n<p>\u00a0<\/p>\n<p>Den vollst\u00e4ndigen Brief k\u00f6nnt ihr<a href=\"https:\/\/docs.google.com\/document\/d\/1W5iDcExzWfS3lvw3P_zpZYg0KvxlgGCfxSWV-f_p8n0\/edit#\"> hier lesen<\/a>.<\/p>\n","protected":false},"excerpt":{"rendered":"<p>Wir von Mozilla haben heute, gemeinsam mit mehr als 100 anderen Unterzeichnern aus Deutschland und Europa, einen offenen Brief an das Bundesministerium des Innern, f\u00fcr Bau und Heimat ver\u00f6ffentlicht. Darin warnen wir ausdr\u00fccklich vor einer laut Medienberichten geplanten Gesetzes\u00e4nderung w\u00e4hrend der Innenministerkonferenz, um es deutschen Polizei- und Sicherheitsbeh\u00f6rden k\u00fcnftig leichter zu machen, Zugriff auf die [&hellip;]<\/p>\n","protected":false},"author":1661,"featured_media":0,"comment_status":"closed","ping_status":"closed","sticky":false,"template":"","format":"standard","meta":{"footnotes":""},"categories":[290437],"tags":[],"coauthors":[],"acf":[],"yoast_head":"<!-- This site is optimized with the Yoast SEO plugin v22.5 - https:\/\/yoast.com\/wordpress\/plugins\/seo\/ -->\n<title>Offener Brief an das Bundesministerium des Innern, f\u00fcr Bau und Heimat zur Innenministerkonferenz<\/title>\n<meta name=\"description\" content=\"Keine Aufweichung von Verschl\u00fcsselungstechnik bei Messengern bei der Innenministerkonferenz! Ein offener Brief an das Bundesinnenministerium hier lesen!\" \/>\n<meta name=\"robots\" content=\"index, follow, max-snippet:-1, max-image-preview:large, max-video-preview:-1\" \/>\n<link rel=\"canonical\" href=\"https:\/\/blog.mozilla.org\/de\/unkategorisiert\/offener-brief-an-das-bundesministerium-des-innern-fuer-bau-und-heimat-zur-innenministerkonferenz\/\" \/>\n<script type=\"application\/ld+json\" class=\"yoast-schema-graph\">{\"@context\":\"https:\/\/schema.org\",\"@graph\":[{\"@type\":\"WebPage\",\"@id\":\"https:\/\/blog.mozilla.org\/de\/unkategorisiert\/offener-brief-an-das-bundesministerium-des-innern-fuer-bau-und-heimat-zur-innenministerkonferenz\/\",\"url\":\"https:\/\/blog.mozilla.org\/de\/unkategorisiert\/offener-brief-an-das-bundesministerium-des-innern-fuer-bau-und-heimat-zur-innenministerkonferenz\/\",\"name\":\"Offener Brief an das Bundesministerium des Innern, f\u00fcr Bau und Heimat zur Innenministerkonferenz\",\"isPartOf\":{\"@id\":\"https:\/\/blog.mozilla.org\/de\/#website\"},\"datePublished\":\"2019-06-11T00:00:00+00:00\",\"dateModified\":\"2019-06-11T00:00:00+00:00\",\"author\":{\"@id\":\"https:\/\/blog.mozilla.org\/de\/#\/schema\/person\/44484aae3ae59888520d26939885a2a8\"},\"description\":\"Keine Aufweichung von Verschl\u00fcsselungstechnik bei Messengern bei der Innenministerkonferenz! Ein offener Brief an das Bundesinnenministerium hier lesen!\",\"breadcrumb\":{\"@id\":\"https:\/\/blog.mozilla.org\/de\/unkategorisiert\/offener-brief-an-das-bundesministerium-des-innern-fuer-bau-und-heimat-zur-innenministerkonferenz\/#breadcrumb\"},\"inLanguage\":\"de-DE\",\"potentialAction\":[{\"@type\":\"ReadAction\",\"target\":[\"https:\/\/blog.mozilla.org\/de\/unkategorisiert\/offener-brief-an-das-bundesministerium-des-innern-fuer-bau-und-heimat-zur-innenministerkonferenz\/\"]}]},{\"@type\":\"BreadcrumbList\",\"@id\":\"https:\/\/blog.mozilla.org\/de\/unkategorisiert\/offener-brief-an-das-bundesministerium-des-innern-fuer-bau-und-heimat-zur-innenministerkonferenz\/#breadcrumb\",\"itemListElement\":[{\"@type\":\"ListItem\",\"position\":1,\"name\":\"Home\",\"item\":\"https:\/\/blog.mozilla.org\/de\/\"},{\"@type\":\"ListItem\",\"position\":2,\"name\":\"Offener Brief an das Bundesministerium des Innern, f\u00fcr Bau und Heimat zur Innenministerkonferenz\"}]},{\"@type\":\"WebSite\",\"@id\":\"https:\/\/blog.mozilla.org\/de\/#website\",\"url\":\"https:\/\/blog.mozilla.org\/de\/\",\"name\":\"The Mozilla Blog\",\"description\":\"News and Updates about Mozilla\",\"potentialAction\":[{\"@type\":\"SearchAction\",\"target\":{\"@type\":\"EntryPoint\",\"urlTemplate\":\"https:\/\/blog.mozilla.org\/de\/?s={search_term_string}\"},\"query-input\":\"required name=search_term_string\"}],\"inLanguage\":\"de-DE\"},{\"@type\":\"Person\",\"@id\":\"https:\/\/blog.mozilla.org\/de\/#\/schema\/person\/44484aae3ae59888520d26939885a2a8\",\"name\":\"Anja Fordon\",\"image\":{\"@type\":\"ImageObject\",\"inLanguage\":\"de-DE\",\"@id\":\"https:\/\/blog.mozilla.org\/de\/#\/schema\/person\/image\/38ff368eba0320211b06a18b18cb3d45\",\"url\":\"https:\/\/secure.gravatar.com\/avatar\/99efed82470a25b871996aea9368c57e?s=96&d=mm&r=g\",\"contentUrl\":\"https:\/\/secure.gravatar.com\/avatar\/99efed82470a25b871996aea9368c57e?s=96&d=mm&r=g\",\"caption\":\"Anja Fordon\"},\"url\":\"https:\/\/blog.mozilla.org\/de\/author\/afordonmozilla-com\/\"}]}<\/script>\n<!-- \/ Yoast SEO plugin. -->","yoast_head_json":{"title":"Offener Brief an das Bundesministerium des Innern, f\u00fcr Bau und Heimat zur Innenministerkonferenz","description":"Keine Aufweichung von Verschl\u00fcsselungstechnik bei Messengern bei der Innenministerkonferenz! Ein offener Brief an das Bundesinnenministerium hier lesen!","robots":{"index":"index","follow":"follow","max-snippet":"max-snippet:-1","max-image-preview":"max-image-preview:large","max-video-preview":"max-video-preview:-1"},"canonical":"https:\/\/blog.mozilla.org\/de\/unkategorisiert\/offener-brief-an-das-bundesministerium-des-innern-fuer-bau-und-heimat-zur-innenministerkonferenz\/","schema":{"@context":"https:\/\/schema.org","@graph":[{"@type":"WebPage","@id":"https:\/\/blog.mozilla.org\/de\/unkategorisiert\/offener-brief-an-das-bundesministerium-des-innern-fuer-bau-und-heimat-zur-innenministerkonferenz\/","url":"https:\/\/blog.mozilla.org\/de\/unkategorisiert\/offener-brief-an-das-bundesministerium-des-innern-fuer-bau-und-heimat-zur-innenministerkonferenz\/","name":"Offener Brief an das Bundesministerium des Innern, f\u00fcr Bau und Heimat zur Innenministerkonferenz","isPartOf":{"@id":"https:\/\/blog.mozilla.org\/de\/#website"},"datePublished":"2019-06-11T00:00:00+00:00","dateModified":"2019-06-11T00:00:00+00:00","author":{"@id":"https:\/\/blog.mozilla.org\/de\/#\/schema\/person\/44484aae3ae59888520d26939885a2a8"},"description":"Keine Aufweichung von Verschl\u00fcsselungstechnik bei Messengern bei der Innenministerkonferenz! Ein offener Brief an das Bundesinnenministerium hier lesen!","breadcrumb":{"@id":"https:\/\/blog.mozilla.org\/de\/unkategorisiert\/offener-brief-an-das-bundesministerium-des-innern-fuer-bau-und-heimat-zur-innenministerkonferenz\/#breadcrumb"},"inLanguage":"de-DE","potentialAction":[{"@type":"ReadAction","target":["https:\/\/blog.mozilla.org\/de\/unkategorisiert\/offener-brief-an-das-bundesministerium-des-innern-fuer-bau-und-heimat-zur-innenministerkonferenz\/"]}]},{"@type":"BreadcrumbList","@id":"https:\/\/blog.mozilla.org\/de\/unkategorisiert\/offener-brief-an-das-bundesministerium-des-innern-fuer-bau-und-heimat-zur-innenministerkonferenz\/#breadcrumb","itemListElement":[{"@type":"ListItem","position":1,"name":"Home","item":"https:\/\/blog.mozilla.org\/de\/"},{"@type":"ListItem","position":2,"name":"Offener Brief an das Bundesministerium des Innern, f\u00fcr Bau und Heimat zur Innenministerkonferenz"}]},{"@type":"WebSite","@id":"https:\/\/blog.mozilla.org\/de\/#website","url":"https:\/\/blog.mozilla.org\/de\/","name":"The Mozilla Blog","description":"News and Updates about Mozilla","potentialAction":[{"@type":"SearchAction","target":{"@type":"EntryPoint","urlTemplate":"https:\/\/blog.mozilla.org\/de\/?s={search_term_string}"},"query-input":"required name=search_term_string"}],"inLanguage":"de-DE"},{"@type":"Person","@id":"https:\/\/blog.mozilla.org\/de\/#\/schema\/person\/44484aae3ae59888520d26939885a2a8","name":"Anja Fordon","image":{"@type":"ImageObject","inLanguage":"de-DE","@id":"https:\/\/blog.mozilla.org\/de\/#\/schema\/person\/image\/38ff368eba0320211b06a18b18cb3d45","url":"https:\/\/secure.gravatar.com\/avatar\/99efed82470a25b871996aea9368c57e?s=96&d=mm&r=g","contentUrl":"https:\/\/secure.gravatar.com\/avatar\/99efed82470a25b871996aea9368c57e?s=96&d=mm&r=g","caption":"Anja Fordon"},"url":"https:\/\/blog.mozilla.org\/de\/author\/afordonmozilla-com\/"}]}},"_links":{"self":[{"href":"https:\/\/blog.mozilla.org\/de\/wp-json\/wp\/v2\/posts\/63310"}],"collection":[{"href":"https:\/\/blog.mozilla.org\/de\/wp-json\/wp\/v2\/posts"}],"about":[{"href":"https:\/\/blog.mozilla.org\/de\/wp-json\/wp\/v2\/types\/post"}],"author":[{"embeddable":true,"href":"https:\/\/blog.mozilla.org\/de\/wp-json\/wp\/v2\/users\/1661"}],"replies":[{"embeddable":true,"href":"https:\/\/blog.mozilla.org\/de\/wp-json\/wp\/v2\/comments?post=63310"}],"version-history":[{"count":0,"href":"https:\/\/blog.mozilla.org\/de\/wp-json\/wp\/v2\/posts\/63310\/revisions"}],"wp:attachment":[{"href":"https:\/\/blog.mozilla.org\/de\/wp-json\/wp\/v2\/media?parent=63310"}],"wp:term":[{"taxonomy":"category","embeddable":true,"href":"https:\/\/blog.mozilla.org\/de\/wp-json\/wp\/v2\/categories?post=63310"},{"taxonomy":"post_tag","embeddable":true,"href":"https:\/\/blog.mozilla.org\/de\/wp-json\/wp\/v2\/tags?post=63310"},{"taxonomy":"author","embeddable":true,"href":"https:\/\/blog.mozilla.org\/de\/wp-json\/wp\/v2\/coauthors?post=63310"}],"curies":[{"name":"wp","href":"https:\/\/api.w.org\/{rel}","templated":true}]}}