{"id":327,"date":"2013-12-28T23:09:00","date_gmt":"2013-12-29T01:09:00","guid":{"rendered":"http:\/\/blog.mozilla.org\/press-br\/?p=327"},"modified":"2013-12-03T23:09:10","modified_gmt":"2013-12-04T01:09:10","slug":"firefox-os-e-lancado-em-mais-mercados-europeus","status":"publish","type":"post","link":"https:\/\/blog.mozilla.org\/press-br\/2013\/12\/28\/firefox-os-e-lancado-em-mais-mercados-europeus\/","title":{"rendered":"Firefox OS \u00e9 lan\u00e7ado em mais mercados europeus"},"content":{"rendered":"<p>A Mozilla deu in\u00edcio \u00e0 segunda rodada de lan\u00e7amento do Firefox OS e os aparelhos com seu sistema operacional chegaram a mais mercados europeus recentemente. O Firefox OS j\u00e1 chegou \u00e0 Alemanha, Pol\u00f4nia, Hungria, Gr\u00e9cia e agora tamb\u00e9m estar\u00e1 presente na S\u00e9rvia e Montenegro. A operadora norueguesa Telenor tamb\u00e9m anunciou planos de levar o Firefox OS para a \u00c1sia em 2014.<\/p>\n<p><a href=\"https:\/\/blog.mozilla.org\/blog\/2013\/11\/28\/firefox-os-launches-in-more-countries-across-europe\/\">Para mais informa\u00e7\u00f5es<\/a><\/p>\n","protected":false},"excerpt":{"rendered":"<p>A Mozilla deu in\u00edcio \u00e0 segunda rodada de lan\u00e7amento do Firefox OS e os aparelhos com seu sistema operacional chegaram a mais mercados europeus recentemente. O Firefox OS j\u00e1 chegou &hellip; <a class=\"go\" href=\"https:\/\/blog.mozilla.org\/press-br\/2013\/12\/28\/firefox-os-e-lancado-em-mais-mercados-europeus\/\">Leia mais<\/a><\/p>\n","protected":false},"author":631,"featured_media":0,"comment_status":"closed","ping_status":"closed","sticky":false,"template":"","format":"standard","meta":{"footnotes":""},"categories":[24660],"tags":[],"_links":{"self":[{"href":"https:\/\/blog.mozilla.org\/press-br\/wp-json\/wp\/v2\/posts\/327"}],"collection":[{"href":"https:\/\/blog.mozilla.org\/press-br\/wp-json\/wp\/v2\/posts"}],"about":[{"href":"https:\/\/blog.mozilla.org\/press-br\/wp-json\/wp\/v2\/types\/post"}],"author":[{"embeddable":true,"href":"https:\/\/blog.mozilla.org\/press-br\/wp-json\/wp\/v2\/users\/631"}],"replies":[{"embeddable":true,"href":"https:\/\/blog.mozilla.org\/press-br\/wp-json\/wp\/v2\/comments?post=327"}],"version-history":[{"count":0,"href":"https:\/\/blog.mozilla.org\/press-br\/wp-json\/wp\/v2\/posts\/327\/revisions"}],"wp:attachment":[{"href":"https:\/\/blog.mozilla.org\/press-br\/wp-json\/wp\/v2\/media?parent=327"}],"wp:term":[{"taxonomy":"category","embeddable":true,"href":"https:\/\/blog.mozilla.org\/press-br\/wp-json\/wp\/v2\/categories?post=327"},{"taxonomy":"post_tag","embeddable":true,"href":"https:\/\/blog.mozilla.org\/press-br\/wp-json\/wp\/v2\/tags?post=327"}],"curies":[{"name":"wp","href":"https:\/\/api.w.org\/{rel}","templated":true}]}}