{"id":601,"date":"2015-01-28T14:20:43","date_gmt":"2015-01-28T16:20:43","guid":{"rendered":"http:\/\/blog.mozilla.org\/press-br\/?p=601"},"modified":"2015-02-20T22:37:13","modified_gmt":"2015-02-21T00:37:13","slug":"fique-alerta-no-dia-internacional-da-privacidade-de-dados","status":"publish","type":"post","link":"https:\/\/blog.mozilla.org\/press-br\/2015\/01\/28\/fique-alerta-no-dia-internacional-da-privacidade-de-dados\/","title":{"rendered":"Fique alerta no Dia Internacional da Privacidade de Dados"},"content":{"rendered":"<p>Criada para chamar aten\u00e7\u00e3o e promover as melhores pr\u00e1ticas de privacidade e prote\u00e7\u00e3o de dados, o dia relembra a import\u00e2ncia de ter a confian\u00e7a dos internautas. Para Denelle DIxon-Thayer, vice-presidente s\u00eanior de neg\u00f3cios e jur\u00eddico da Mozilla, o termo privacidade pode significar diferentes coisas para cada um de n\u00f3s.<\/p>\n<p>\u201cN\u00e3o pretendemos saber ou determinar o que \u00e9 correto para cada usu\u00e1rio. Em vez disso, nosso objetivo \u00e9 oferecer op\u00e7\u00f5es para que os usu\u00e1rios possam escolher o que \u00e9 bom para eles. Nossos <a href=\"https:\/\/www.mozilla.org\/en-US\/privacy\/principles\/\">princ\u00edpios de privacidade<\/a> nos ajuda a guiar o desenvolvimento de recursos focados na privacidade e de seguran\u00e7a do usu\u00e1rio, como o \u2018N\u00e3o Rastrear\u2019 e o comunicador <a href=\"https:\/\/support.mozilla.org\/en-US\/kb\/firefox-hello-video-and-voice-conversations-online\">Hello <\/a>que pode ser usado sem a cria\u00e7\u00e3o de uma conta. Tamb\u00e9m temos a iniciativa Tiles, que visa provar que a publicidade e outros conte\u00fados personalizados podem ser exibidos de uma forma que respeite o internauta\u201d, destaca Denelle.<\/p>\n<p>Para celebrar o Dia da Privacidade de Dados, a Mozilla realizar\u00e1 um <a href=\"https:\/\/www.facebook.com\/events\/358773220973925\/?ref=22\">chat via Twitter<\/a> (@Firefox) hoje (28\/01) com a hashtag #PrivacyChat, \u00e0s 17h, com a participa\u00e7\u00e3o de empresas convidadas, como DuckDuckGo, McAfee, iKeepSafe, Privacy International e o Centro para Democracia e Tecnologia.<\/p>\n<p>A Mozilla lan\u00e7ou ainda o hotsite <a href=\"https:\/\/www.mozilla.org\/en-US\/privacy\/tips\/\">Get smart on privacy<\/a>, que encoraja os internautas a adotar quatro medidas para uma melhor privacidade pessoal. Para saber mais a\u00e7\u00f5es de privacidade promovidas pela Mozilla, acesse o post completo da Denelle DIxon-Thayer no <a href=\"https:\/\/blog.mozilla.org\/blog\/2015\/01\/27\/get-smart-on-international-data-privacy-day\/\">blog da Mozilla<\/a>.<\/p>\n","protected":false},"excerpt":{"rendered":"<p>Criada para chamar aten\u00e7\u00e3o e promover as melhores pr\u00e1ticas de privacidade e prote\u00e7\u00e3o de dados, o dia relembra a import\u00e2ncia de ter a confian\u00e7a dos internautas. Para Denelle DIxon-Thayer, vice-presidente &hellip; <a class=\"go\" href=\"https:\/\/blog.mozilla.org\/press-br\/2015\/01\/28\/fique-alerta-no-dia-internacional-da-privacidade-de-dados\/\">Leia mais<\/a><\/p>\n","protected":false},"author":962,"featured_media":0,"comment_status":"closed","ping_status":"closed","sticky":false,"template":"","format":"standard","meta":{"footnotes":""},"categories":[30,40941],"tags":[],"_links":{"self":[{"href":"https:\/\/blog.mozilla.org\/press-br\/wp-json\/wp\/v2\/posts\/601"}],"collection":[{"href":"https:\/\/blog.mozilla.org\/press-br\/wp-json\/wp\/v2\/posts"}],"about":[{"href":"https:\/\/blog.mozilla.org\/press-br\/wp-json\/wp\/v2\/types\/post"}],"author":[{"embeddable":true,"href":"https:\/\/blog.mozilla.org\/press-br\/wp-json\/wp\/v2\/users\/962"}],"replies":[{"embeddable":true,"href":"https:\/\/blog.mozilla.org\/press-br\/wp-json\/wp\/v2\/comments?post=601"}],"version-history":[{"count":0,"href":"https:\/\/blog.mozilla.org\/press-br\/wp-json\/wp\/v2\/posts\/601\/revisions"}],"wp:attachment":[{"href":"https:\/\/blog.mozilla.org\/press-br\/wp-json\/wp\/v2\/media?parent=601"}],"wp:term":[{"taxonomy":"category","embeddable":true,"href":"https:\/\/blog.mozilla.org\/press-br\/wp-json\/wp\/v2\/categories?post=601"},{"taxonomy":"post_tag","embeddable":true,"href":"https:\/\/blog.mozilla.org\/press-br\/wp-json\/wp\/v2\/tags?post=601"}],"curies":[{"name":"wp","href":"https:\/\/api.w.org\/{rel}","templated":true}]}}