{"id":751,"date":"2017-08-29T14:26:44","date_gmt":"2017-08-29T17:26:44","guid":{"rendered":"http:\/\/blog.mozilla.org\/press-br\/?p=751"},"modified":"2017-08-29T14:27:20","modified_gmt":"2017-08-29T17:27:20","slug":"dia-nacional-do-voluntariado-seja-voce-tambem-um-mozillian","status":"publish","type":"post","link":"https:\/\/blog.mozilla.org\/press-br\/2017\/08\/29\/dia-nacional-do-voluntariado-seja-voce-tambem-um-mozillian\/","title":{"rendered":"Dia Nacional do Voluntariado: seja voc\u00ea tamb\u00e9m um Mozillian"},"content":{"rendered":"<p><em>Conhe\u00e7a a hist\u00f3ria de alguns dos 10 mil membros que contribuem com c\u00f3digo para o Firefox, alfabetiza\u00e7\u00e3o digital e tradu\u00e7\u00e3o do software <\/em><\/p>\n<p>Dia 28 de agosto \u00e9 considerado o Dia Nacional do Voluntariado \u2013 data que visa celebrar \u00e0queles que se disp\u00f5e a agir diretamente em benef\u00edcio de uma causa social ou comunit\u00e1ria. Para a Mozilla, a data n\u00e3o poderia passar em branco, j\u00e1 que o verdadeiro poder por tr\u00e1s da organiza\u00e7\u00e3o \u00e9 uma comunidade global de 10 mil volunt\u00e1rios, aliados e parceiros engajados no movimento por uma Internet aberta.<\/p>\n<p>Conhe\u00e7a as hist\u00f3rias de alguns dos Mozillians brasileiros, que contribuem com c\u00f3digo para o Firefox, alfabetiza\u00e7\u00e3o digital e tradu\u00e7\u00e3o do software:<\/p>\n<p><strong>Felipe do E. Santo: <\/strong>movido pela inova\u00e7\u00e3o, \u00e9 professor, desenvolver web e volunt\u00e1rio da Mozilla desde 2015. Graduado em Processamento de Dados pela FATEC-TQ e especialista em Gest\u00e3o e Governan\u00e7a de TI, trabalha com desenvolvimento WEB desde 2006. Conheceu a comunidade em 2014 e a oportunidade de participar de uma comunidade global, altamente engajada em tornar a web algo acess\u00edvel e garantir que esse recurso continue aberto e livre, foi o que mais atraiu o volunt\u00e1rio. \u201c<em>Posso afirmar sem sombra de d\u00favidas que esse tempo como volunt\u00e1rio j\u00e1 mudou bastante minha vida, at\u00e9 mesmo dentro da minha carreira como professor, pois foi fundamental para abrir meus olhos para novos horizontes e muitas quest\u00f5es relacionadas a pr\u00e1ticas abertas. Ser volunt\u00e1rio da Mozilla para mim \u00e9 fazer parte de algo maior, sentir que com esfor\u00e7o e energia de todos podemos ajudar e transformar o mundo de muita gente<\/em>. \u201d<\/p>\n<p><strong>Geraldo Barros: <\/strong>apaixonado por educa\u00e7\u00e3o e inova\u00e7\u00e3o, o ativista da web aberta faz parte da causa da Mozilla desde <strong>2013.<\/strong> Desenvolvedor web, educador e instrutor, Geraldo j\u00e1 trabalhou em programas governamentais e organiza\u00e7\u00f5es privadas de inclus\u00e3o digital e desenvolvimento tecnol\u00f3gico. \u201c<em>Me juntei \u00e0 Mozilla por acreditar que a Internet pode ser um lugar mais saud\u00e1vel para todos. Atualmente, contribuo com projetos e programas abertos da comunidade global aqui no Brasil.<\/em> \u201d Atualmente, faz parte da Mozilla Leadership Network, Firefox Social Support e Mozilla Network 50.<\/p>\n<p><strong>Cybelle Oliveira: <\/strong>formada em Hist\u00f3ria pela USP e com p\u00f3s-gradua\u00e7\u00e3o em Gest\u00e3o Cultural pelo Senai, a Mozillian conheceu a comunidade este ano. \u201c<em>Entrei no mundo da tecnologia como produtora de eventos de arte e tecnologia e, agora, me lancei no fabuloso mundo do desenvolvimento web.<\/em>\u201d Al\u00e9m de ser volunt\u00e1ria da Mozilla, Cybelle faz parte da organiza\u00e7\u00e3o do Cryptorave, um evento anual para difundir os conceitos fundamentais de privacidade e liberdade na Internet e o uso de ferramentas de seguran\u00e7a. Tamb\u00e9m \u00e9 cofundadora do JSLadies, um grupo feminino focado em ensinar e introduzir mais mulheres a programarem em JavaScript. \u201c<em>Acredito no poder das mulheres na tecnologia e na minha colabora\u00e7\u00e3o para que as causas da Mozilla deixem de ser um problema a serem resolvidos e passem a ser uma realidade numa escala muito maior para o bem comum. \u201d<\/em><\/p>\n<p><strong>Cynthia Pereira: <\/strong>empreendedora, estrategista em comunica\u00e7\u00f5es digitais e desenvolvedora web com expertise na \u00e1rea de consultoria t\u00e9cnica, se juntou \u00e0 Mozilla em 2014. Por acreditar em uma Internet melhor para todos, Cynthia se deparou, em 2005, com a aus\u00eancia de tradu\u00e7\u00f5es do Thunderbird, aplicativo de e-mail gratuito da Mozilla, para o portugu\u00eas \u2013 e isso dificultava a utiliza\u00e7\u00e3o de seus amigos e familiares. \u201c<em>Encontrei uma p\u00e1gina na Internet sobre a comunidade da Mozilla no Brasil, me inscrevi na lista de discuss\u00e3o e me apresentei. Fui recebida por uma volunt\u00e1ria que se tornou minha mentora, me ensinando como come\u00e7ar a contribuir e, desde ent\u00e3o n\u00e3o parei mais. Acredito que juntos podemos ter uma Internet aberta e acess\u00edvel a todos<\/em>.\u201d<\/p>\n<p><strong>E a\u00ed, quer fazer parte?<\/strong><\/p>\n<p>Junte-se \u00e0 Mozilla e ajude a proteger a Internet como um recurso global p\u00fablico. Para come\u00e7ar,\u00a0<a href=\"https:\/\/www.mozilla.org\/contribute\/\">participe da comunidade<\/a>\u00a0ou\u00a0<a href=\"https:\/\/donate.mozilla.org\/pt-BR\/?presets=375,187,90,55&amp;amount=187&amp;utm_source=mozilla.org&amp;utm_medium=referral&amp;utm_content=foundation&amp;currency=brl\">fa\u00e7a uma doa\u00e7\u00e3o<\/a>.<\/p>\n<p>&nbsp;<\/p>\n","protected":false},"excerpt":{"rendered":"<p>Conhe\u00e7a a hist\u00f3ria de alguns dos 10 mil membros que contribuem com c\u00f3digo para o Firefox, alfabetiza\u00e7\u00e3o digital e tradu\u00e7\u00e3o do software Dia 28 de agosto \u00e9 considerado o Dia &hellip; <a class=\"go\" href=\"https:\/\/blog.mozilla.org\/press-br\/2017\/08\/29\/dia-nacional-do-voluntariado-seja-voce-tambem-um-mozillian\/\">Leia mais<\/a><\/p>\n","protected":false},"author":962,"featured_media":0,"comment_status":"closed","ping_status":"closed","sticky":false,"template":"","format":"standard","meta":{"footnotes":""},"categories":[40193,1,40698],"tags":[],"_links":{"self":[{"href":"https:\/\/blog.mozilla.org\/press-br\/wp-json\/wp\/v2\/posts\/751"}],"collection":[{"href":"https:\/\/blog.mozilla.org\/press-br\/wp-json\/wp\/v2\/posts"}],"about":[{"href":"https:\/\/blog.mozilla.org\/press-br\/wp-json\/wp\/v2\/types\/post"}],"author":[{"embeddable":true,"href":"https:\/\/blog.mozilla.org\/press-br\/wp-json\/wp\/v2\/users\/962"}],"replies":[{"embeddable":true,"href":"https:\/\/blog.mozilla.org\/press-br\/wp-json\/wp\/v2\/comments?post=751"}],"version-history":[{"count":0,"href":"https:\/\/blog.mozilla.org\/press-br\/wp-json\/wp\/v2\/posts\/751\/revisions"}],"wp:attachment":[{"href":"https:\/\/blog.mozilla.org\/press-br\/wp-json\/wp\/v2\/media?parent=751"}],"wp:term":[{"taxonomy":"category","embeddable":true,"href":"https:\/\/blog.mozilla.org\/press-br\/wp-json\/wp\/v2\/categories?post=751"},{"taxonomy":"post_tag","embeddable":true,"href":"https:\/\/blog.mozilla.org\/press-br\/wp-json\/wp\/v2\/tags?post=751"}],"curies":[{"name":"wp","href":"https:\/\/api.w.org\/{rel}","templated":true}]}}