{"id":1816,"date":"2015-02-23T16:12:41","date_gmt":"2015-02-23T15:12:41","guid":{"rendered":"http:\/\/blog.mozilla.org\/press-de\/?p=1816"},"modified":"2015-02-23T16:12:41","modified_gmt":"2015-02-23T15:12:41","slug":"mwc-2015-erleben-sie-die-neuesten-firefox-os-gerate","status":"publish","type":"post","link":"https:\/\/blog.mozilla.org\/press-de\/2015\/02\/23\/mwc-2015-erleben-sie-die-neuesten-firefox-os-gerate\/","title":{"rendered":"MWC 2015: Erleben Sie die neuesten Firefox OS Ger\u00e4te"},"content":{"rendered":"<p>Mozilla pr\u00e4sentiert zum Mobile World Congress 2015 in Barcelona neben neuen Firefox OS Telefonen und TVs auch Demos wie den Prototypen der NFC-Bezahlfunktion. Dar\u00fcber hinaus diskutieren Mozillians \u00fcber gesellschaftsrelevante Themen wie Privatsph\u00e4re und die Zukunft des Webs mit.<\/p>\n<p>Panasonic wird heute in Frankfurt die neue 4K Ultra HD TV-Linie mit Firefox OS vorstellen <a href=\"http:\/\/news.panasonic.co.uk\/pressreleases\/panasonic-unveils-new-my-home-screen-2-0-tv-user-interface-powered-by-firefox-os-1120532\" target=\"_blank\">(Panasonic<\/a> <a href=\"http:\/\/news.panasonic.co.uk\/pressreleases\/panasonic-unveils-new-my-home-screen-2-0-tv-user-interface-powered-by-firefox-os-1120532\" target=\"_blank\">Pressemeldung)<\/a>.<\/p>\n<p>Der Panasonic 2015 4K UHD (Ultra HD) LED VIERA TV ist ab Fr\u00fchjahr erh\u00e4ltlich und wird auch am Mozilla-Stand zum MWC 2015 in Barcelona gezeigt.<\/p>\n<p>Mozilla finden Sie auch in diesem Jahr in<strong> Halle 3, Stand 3C30<\/strong>, zusammen mit anderen gro\u00dfen Betreibern und Ger\u00e4teherstellern.<\/p>\n<p><img decoding=\"async\" loading=\"lazy\" class=\"\" src=\"http:\/\/blog.mozilla.org\/press-de\/files\/2015\/02\/firefox-zerknittert.png\" alt=\"MWC 2015: Mozilla-Stand\" width=\"544\" height=\"307\" \/><\/p>\n<p>Neben den Firefox OS Highlights haben Besucher die Gelegenheit, mehr zu den aktuellen Innovationsprojekten von Mozilla w\u00e4hrend der \u201eFox Denn\u201c-Vortr\u00e4ge am Mozilla-Stand in Halle 3, Stand 3C30, zu erfahren. Ein Beispiel aus dem Demo-Programm:<\/p>\n<p>Gemeinsam mit den Partnern der Deutschen Telekom Innovation Labs (Zentren in Berlin und Silicon Valley) und T-Mobile Polen entwickelte Mozilla das Design und die Implementierung der NFC-Infrastruktur f\u00fcr Firefox OS. Dies erm\u00f6glicht eine Reihe von Anwendungen, wie zum Beispiel mobiles Bezahlen, Transportdienstleistungen sowie das Aktivieren von T\u00fcren oder Daten- und Medienaustausch.<\/p>\n<p>Die Mobile Wallett Demo, die auf der \u2018MasterCard\u00ae Contactless\u2019 Technologie basiert, wird mit einigen zus\u00e4tzlichen Funktionen bei den \u201eFox Denn\u201c-Vortr\u00e4gen vorgestellt.<\/p>\n<p>Eine komplette \u00dcbersicht der \u201eFox Denn\u201c-Vortr\u00e4ge finden Sie unter <a href=\"http:\/\/www.firefoxos.com\/mwc\">www.firefoxos.com\/mwc<\/a>.<\/p>\n<p><img decoding=\"async\" loading=\"lazy\" class=\"\" src=\" http:\/\/blog.mozilla.org\/press-de\/files\/2015\/02\/Hallen\u00fcbersicht.jpg\" alt=\"MWC 2015: \u00dcbersicht Halle 3\" width=\"575\" height=\"242\" \/><\/p>\n<p><strong>MWC 2015: Veranstaltungskalender und Auftritte der Mozilla Top-Referenten<\/strong><\/p>\n<p>Lassen Sie sich nicht die Sessions der Mozilla-F\u00fchrungskr\u00e4fte zu Trend-Themen der Mobile-Branche entgehen.<\/p>\n<p><strong>\u2018Digital Inclusion: Connecting an additional one billion people to the mobile internet\u2019 Seminar<\/strong><\/p>\n<p>Der Executive Director der Mozilla Foundation <a href=\"https:\/\/blog.mozilla.org\/press\/bios\/mark-surman\/\">Mark Surman<\/a> wird bei einem Seminar dabei sein, das die Grenzen und Chancen der mobilen Konnektivit\u00e4t in Entwicklungsl\u00e4ndern besonders in l\u00e4ndlichen Gebieten betrachtet.<br \/>\n<span style=\"text-decoration: underline;\">Datum<\/span>: Montag, der 2. M\u00e4rz 2015, 12:00 &#8211; 13:30 Uhr<br \/>\n<span style=\"text-decoration: underline;\">Ort<\/span>: GSMA Seminar Theater CC1.1<\/p>\n<p><strong>\u2018Ensuring User-Centred Privacy in a Connected World\u2019 Panel<\/strong><\/p>\n<p><a href=\"https:\/\/blog.mozilla.org\/press\/bios\/denelle-dixon-thayer\/\">Denelle Dixon-Thayer<\/a>, SVP of business and legal affairs bei Mozilla, begleitet das Panel, das die nutzerzentrierte Privatsph\u00e4re in einer vernetzten Welt beleuchtet.<br \/>\n<span style=\"text-decoration: underline;\">Datum:<\/span> Montag, 2. M\u00e4rz 2015, 16:00 &#8211; 17:30 Uhr<br \/>\n<span style=\"text-decoration: underline;\">Ort:<\/span> Halle 4, Auditorium 3<\/p>\n<p><strong>\u2018Innovation for Inclusion\u2019 Keynote Panel<\/strong><\/p>\n<p>Vorstandsvorsitzende und Mitbegr\u00fcnderin von Mozilla, <a href=\"https:\/\/blog.mozilla.org\/press\/bios\/mitchell-baker\/\">Mitchell Baker<\/a><span style=\"text-decoration: underline;\">,<\/span> er\u00f6rtert, inwieweit die mobile Welt Individuen und Gesellschaften weiterhin st\u00e4rken wird.<br \/>\n<span style=\"text-decoration: underline;\">Datum:<\/span> Dienstag, 3. M\u00e4rz 2015, 11:15 &#8211; 12:45 Uhr<br \/>\n<span style=\"text-decoration: underline;\">Ort<\/span>: Halle 4, Auditorium 1 (Main Conference Hall)<\/p>\n<p><strong>\u2018Connected Citizens, Managing Crisis\u2019 Panel<\/strong><\/p>\n<p><a href=\"https:\/\/blog.mozilla.org\/press\/bios\/mark-surman\/\">Mark Surman<\/a>, Executive Director bei der Mozilla Foundation, ist Teil des Panels, das sich mit der Frage auseinandersetzt, welche Rolle mobilen Technologien bei der Beantwortung von gro\u00dfen humanit\u00e4ren Problemen zukommt.<br \/>\n<span style=\"text-decoration: underline;\">Datum<\/span>: Dienstag, 3. M\u00e4rz 2015, 14:00 &#8211; 15:30 Uhr<br \/>\n<span style=\"text-decoration: underline;\">Ort<\/span>: Halle 4, Auditorium 2<\/p>\n<p><strong>\u2018Defining the Future of the Internet\u2019 Panel<\/strong><\/p>\n<p><a href=\"https:\/\/blog.mozilla.org\/press\/bios\/andreas-gal\/\">Andreas Gal<\/a>, CTO bei Mozilla, nimmt an einem Panel teil, bei dem Branchenf\u00fchrer die Zukunft des Internets diskutieren und dabei die Debatte um Netzneutralit\u00e4t in den Vordergrund stellen.<br \/>\nDatum: Mittwoch, der 4. M\u00e4rz 2015, 15:15 &#8211; 16:15 Uhr<br \/>\nOrt: Halle 4, Auditorium 5<\/p>\n<p><strong>Weitere Informationen<\/strong><\/p>\n<ul>\n<li>Besuchen Sie uns am Mozilla-Stand und erleben Sie die neuesten Firefox OS Devices in Halle 3, Stand 3C30, Fira Gran Via, Barcelona vom 2. &#8211; 5. M\u00e4rz 2015.<\/li>\n<li>Weitere Infos zu Mozilla beim MWC 2015 finden Sie unter <a href=\"http:\/\/www.firefoxos.com\/mwc\">firefoxos.com\/mwc<\/a>.<\/li>\n<li>F\u00fcr einen Interviewtermin oder zus\u00e4tzliche Informationen kontaktieren Sie bitte <a href=\"mailto:press@mozilla.com\">press@mozilla.com<\/a>.<\/li>\n<li>Materialien wie hochaufl\u00f6sende Bilder oder B-Roll-Videos finden Sie unter <a href=\"https:\/\/blog.mozilla.org\/press\">https:\/\/blog.mozilla.org\/press<\/a>.<\/li>\n<\/ul>\n","protected":false},"excerpt":{"rendered":"<p>Mozilla pr\u00e4sentiert zum Mobile World Congress 2015 in Barcelona neben neuen Firefox OS Telefonen und TVs auch Demos wie den Prototypen der NFC-Bezahlfunktion. Dar\u00fcber hinaus diskutieren Mozillians \u00fcber gesellschaftsrelevante Themen &hellip; <a class=\"go\" href=\"https:\/\/blog.mozilla.org\/press-de\/2015\/02\/23\/mwc-2015-erleben-sie-die-neuesten-firefox-os-gerate\/\">Mehr lesen<\/a><\/p>\n","protected":false},"author":495,"featured_media":0,"comment_status":"closed","ping_status":"closed","sticky":false,"template":"","format":"standard","meta":{"footnotes":""},"categories":[24660,124,30705,5],"tags":[30772,30777,30742,30741],"_links":{"self":[{"href":"https:\/\/blog.mozilla.org\/press-de\/wp-json\/wp\/v2\/posts\/1816"}],"collection":[{"href":"https:\/\/blog.mozilla.org\/press-de\/wp-json\/wp\/v2\/posts"}],"about":[{"href":"https:\/\/blog.mozilla.org\/press-de\/wp-json\/wp\/v2\/types\/post"}],"author":[{"embeddable":true,"href":"https:\/\/blog.mozilla.org\/press-de\/wp-json\/wp\/v2\/users\/495"}],"replies":[{"embeddable":true,"href":"https:\/\/blog.mozilla.org\/press-de\/wp-json\/wp\/v2\/comments?post=1816"}],"version-history":[{"count":0,"href":"https:\/\/blog.mozilla.org\/press-de\/wp-json\/wp\/v2\/posts\/1816\/revisions"}],"wp:attachment":[{"href":"https:\/\/blog.mozilla.org\/press-de\/wp-json\/wp\/v2\/media?parent=1816"}],"wp:term":[{"taxonomy":"category","embeddable":true,"href":"https:\/\/blog.mozilla.org\/press-de\/wp-json\/wp\/v2\/categories?post=1816"},{"taxonomy":"post_tag","embeddable":true,"href":"https:\/\/blog.mozilla.org\/press-de\/wp-json\/wp\/v2\/tags?post=1816"}],"curies":[{"name":"wp","href":"https:\/\/api.w.org\/{rel}","templated":true}]}}