{"id":2437,"date":"2018-03-27T15:16:22","date_gmt":"2018-03-27T13:16:22","guid":{"rendered":"http:\/\/blog.mozilla.org\/press-de\/?p=2437"},"modified":"2018-03-27T17:22:11","modified_gmt":"2018-03-27T15:22:11","slug":"mit-unserem-neuen-add-on-facebook-container-surfen-sie-offen-und-vernetzt-nach-ihren-eigenen-regeln","status":"publish","type":"post","link":"https:\/\/blog.mozilla.org\/press-de\/2018\/03\/27\/mit-unserem-neuen-add-on-facebook-container-surfen-sie-offen-und-vernetzt-nach-ihren-eigenen-regeln\/","title":{"rendered":"Mit unserem neuen Add-On \u201eFacebook Container\u201c surfen Sie offen und vernetzt &#8211; nach Ihren eigenen Regeln"},"content":{"rendered":"<p><a href=\"http:\/\/blog.mozilla.org\/press-de\/files\/2018\/03\/FF58_Moz.org_FacebookContainerExtension_blog-header-v1-01.jpg\"><img decoding=\"async\" loading=\"lazy\" class=\"aligncenter size-full wp-image-2438\" src=\"http:\/\/blog.mozilla.org\/press-de\/files\/2018\/03\/FF58_Moz.org_FacebookContainerExtension_blog-header-v1-01.jpg\" alt=\"\" width=\"1200\" height=\"660\" srcset=\"https:\/\/blog.mozilla.org\/press-de\/files\/2018\/03\/FF58_Moz.org_FacebookContainerExtension_blog-header-v1-01.jpg 1200w, https:\/\/blog.mozilla.org\/press-de\/files\/2018\/03\/FF58_Moz.org_FacebookContainerExtension_blog-header-v1-01-300x165.jpg 300w, https:\/\/blog.mozilla.org\/press-de\/files\/2018\/03\/FF58_Moz.org_FacebookContainerExtension_blog-header-v1-01-768x422.jpg 768w, https:\/\/blog.mozilla.org\/press-de\/files\/2018\/03\/FF58_Moz.org_FacebookContainerExtension_blog-header-v1-01-600x330.jpg 600w, https:\/\/blog.mozilla.org\/press-de\/files\/2018\/03\/FF58_Moz.org_FacebookContainerExtension_blog-header-v1-01-1000x550.jpg 1000w\" sizes=\"(max-width: 1200px) 100vw, 1200px\" \/><\/a>Aktuell findet eine wichtige Diskussion dar\u00fcber statt, welche Macht Unternehmen wie Facebook tats\u00e4chlich \u00fcber unser Leben aus\u00fcben. Das Gesch\u00e4ftsmodell dieser Konzerne basiert auf hochkomplexen Technologieplattformen; es w\u00e4re also abwegig, zu erwarten, dass <a href=\"https:\/\/www.nytimes.com\/2018\/03\/19\/opinion\/facebook-cambridge-analytica.html\" target=\"_blank\" rel=\"noopener\">alle Nutzer vollst\u00e4ndig verstehen<\/a>, welche Auswirkungen die Interaktion mit diesen Plattformen f\u00fcr sie hat.<\/p>\n<p>Als Internetnutzer verdienen Sie jedoch ein klares Mitspracherecht und sollten das Internet nach Ihren eigenen Bedingungen nutzen k\u00f6nnen. Ein Blick auf die j\u00fcngsten Nachrichten zeigt allerdings, wie aggregierte Nutzerdaten in bisher unerwarteter Weise genutzt werden, weshalb wir ein neues Add-On f\u00fcr Firefox entwickelt haben: den <a href=\"https:\/\/addons.mozilla.org\/de\/firefox\/addon\/facebook-container\/\" target=\"_blank\" rel=\"noopener\">Facebook Container<\/a>. Er basiert auf einer Technologie, an der wir schon seit einigen Jahren arbeiten. Angesichts der wachsenden Nachfrage nach Tools zur Verwaltung von Privatsph\u00e4re und Sicherheit haben wir die Entwicklung nun mit Hochdruck vorangetrieben und k\u00f6nnen das Add-On heute zum Download bereitstellen.<\/p>\n<p>Die Seiten, die Sie im Internet besuchen, geben viel \u00fcber Sie preis. Sie verraten, wo Sie leben, welche Hobbys und welche politische \u00dcberzeugung Sie haben. Werden diese Daten mit Ihrem sozialen Profil verkn\u00fcpft, erm\u00f6glicht das eine erhebliche Wertsch\u00f6pfung. Facebook verf\u00fcgt daher \u00fcber ein Netzwerk von Tracking-Tools auf verschiedenen Webseiten. Deren Code verfolgt Sie unsichtbar und es ist dadurch fast unm\u00f6glich, nachzuvollziehen, wann die so gesammelten Daten mit anderen geteilt werden.<\/p>\n<p>Der <a href=\"https:\/\/addons.mozilla.org\/de\/firefox\/addon\/facebook-container\/\" target=\"_blank\" rel=\"noopener\">Facebook Container<\/a> isoliert Ihre Facebook-Identit\u00e4t vom Rest Ihrer Internetaktivit\u00e4ten. Nach der Installation k\u00f6nnen Sie Facebook weiterhin ganz normal nutzen und auch Facebook kann umgekehrt seine Dienste wie gewohnt f\u00fcr Sie bereitstellen und Ihnen Werbung anzeigen. Der wesentliche Unterschied besteht darin, dass es f\u00fcr Facebook deutlich schwieriger wird, Ihre gesammelten Aktivit\u00e4ten <b>au\u00dferhalb von Facebook<\/b> zu nutzen, um Ihnen Anzeigen und andere personalisierte Nachrichten zu senden.<\/p>\n<p>Das Add-On bietet eine L\u00f6sung, die nicht einfach darin besteht, Nutzern grunds\u00e4tzlich von einem Service abzuraten, der ihnen einen Mehrwert bietet. Stattdessen gibt es den Usern ein Werkzeug an die Hand, um sich proaktiv vor unerw\u00fcnschten Nebenwirkungen eben dieser Nutzung zu sch\u00fctzen. Die Weitergabe der Daten an Cambridge Analytica h\u00e4tte <a href=\"https:\/\/addons.mozilla.org\/de\/firefox\/addon\/facebook-container\/\" target=\"_blank\" rel=\"noopener\">Facebook Container<\/a> zwar auch nicht verhindern k\u00f6nnen. Die gesammelten Daten zu Ihrer Internetnutzung f\u00fcllen jedoch ganze Schatzkammern. Deshalb ist es wichtig, dass Nutzer selbst die Kontrolle dar\u00fcber behalten, welche Daten sie teilen m\u00f6chten und welche nicht.<\/p>\n<p>Facebook ist nicht das einzige Unternehmen, das Ihre Daten au\u00dferhalb seines eigentlichen Servicebereichs sammelt. Wir wollen also nicht etwa eine bestimmte Organisation herausgreifen, sondern vielmehr ein klar abgrenzbares Problem angehen, das wir schnell l\u00f6sen k\u00f6nnen. Au\u00dferdem lohnt es sich, die Privatsph\u00e4re-Einstellungen f\u00fcr alle Apps, die Sie regelm\u00e4\u00dfig nutzen, hin und wieder zu \u00fcberpr\u00fcfen. Was Facebook betrifft, hat die <a href=\"https:\/\/www.eff.org\/deeplinks\/2018\/03\/how-change-your-facebook-settings-opt-out-platform-api-sharing\" target=\"_blank\" rel=\"noopener\">Electronic Frontier Foundation<\/a> einige n\u00fctzliche Tipps zusammengestellt, wie Ihre Daten dort bleiben, wo Sie sie haben wollen: deutlich mehr unter Ihrer Kontrolle.<\/p>\n<p>Mehr dar\u00fcber, wie unser Facebook Container Add-On funktioniert, erfahren Sie auf unserem <a href=\"https:\/\/blog.mozilla.org\/firefox\/facebook-container-extension\/\" target=\"_blank\" rel=\"noopener\">Firefox Frontier Blog<\/a>.<\/p>\n<p>Das Facebook Container Add-On k\u00f6nnen Sie <a href=\"https:\/\/addons.mozilla.org\/de\/firefox\/addon\/facebook-container\/\" target=\"_blank\" rel=\"noopener\">hier<\/a> hinzuf\u00fcgen.<\/p>\n","protected":false},"excerpt":{"rendered":"<p>Aktuell findet eine wichtige Diskussion dar\u00fcber statt, welche Macht Unternehmen wie Facebook tats\u00e4chlich \u00fcber unser Leben aus\u00fcben. Das Gesch\u00e4ftsmodell dieser Konzerne basiert auf hochkomplexen Technologieplattformen; es w\u00e4re also abwegig, zu &hellip; <a class=\"go\" href=\"https:\/\/blog.mozilla.org\/press-de\/2018\/03\/27\/mit-unserem-neuen-add-on-facebook-container-surfen-sie-offen-und-vernetzt-nach-ihren-eigenen-regeln\/\">Mehr lesen<\/a><\/p>\n","protected":false},"author":495,"featured_media":0,"comment_status":"closed","ping_status":"closed","sticky":false,"template":"","format":"standard","meta":{"footnotes":""},"categories":[30,11032,30775],"tags":[],"_links":{"self":[{"href":"https:\/\/blog.mozilla.org\/press-de\/wp-json\/wp\/v2\/posts\/2437"}],"collection":[{"href":"https:\/\/blog.mozilla.org\/press-de\/wp-json\/wp\/v2\/posts"}],"about":[{"href":"https:\/\/blog.mozilla.org\/press-de\/wp-json\/wp\/v2\/types\/post"}],"author":[{"embeddable":true,"href":"https:\/\/blog.mozilla.org\/press-de\/wp-json\/wp\/v2\/users\/495"}],"replies":[{"embeddable":true,"href":"https:\/\/blog.mozilla.org\/press-de\/wp-json\/wp\/v2\/comments?post=2437"}],"version-history":[{"count":0,"href":"https:\/\/blog.mozilla.org\/press-de\/wp-json\/wp\/v2\/posts\/2437\/revisions"}],"wp:attachment":[{"href":"https:\/\/blog.mozilla.org\/press-de\/wp-json\/wp\/v2\/media?parent=2437"}],"wp:term":[{"taxonomy":"category","embeddable":true,"href":"https:\/\/blog.mozilla.org\/press-de\/wp-json\/wp\/v2\/categories?post=2437"},{"taxonomy":"post_tag","embeddable":true,"href":"https:\/\/blog.mozilla.org\/press-de\/wp-json\/wp\/v2\/tags?post=2437"}],"curies":[{"name":"wp","href":"https:\/\/api.w.org\/{rel}","templated":true}]}}