{"id":2545,"date":"2018-08-02T11:59:05","date_gmt":"2018-08-02T09:59:05","guid":{"rendered":"http:\/\/blog.mozilla.org\/press-de\/?p=2545"},"modified":"2018-08-02T14:47:00","modified_gmt":"2018-08-02T12:47:00","slug":"digitaler-prozess-der-g20-vertrauen-erfordert-mehr-transparenz-und-integration","status":"publish","type":"post","link":"https:\/\/blog.mozilla.org\/press-de\/2018\/08\/02\/digitaler-prozess-der-g20-vertrauen-erfordert-mehr-transparenz-und-integration\/","title":{"rendered":"Digitaler Prozess der G20: Vertrauen erfordert mehr Transparenz und Teilhabe"},"content":{"rendered":"<p>Wir begr\u00fc\u00dfen, dass die argentinische G20-Pr\u00e4sidentschaft den digitalen Prozess der G20 weiter vorantreibt und freuen uns auf die Erkl\u00e4rung der Digitalministerkonferenz am 24. August und die darin enthaltenen Fortschritte.<\/p>\n<p>Wir k\u00f6nnen jedoch nicht ignorieren, dass wir aktuell einen Mangel an Transparenz und eine Abkehr vom Konzept des Multi-Stakeholder-Engagements beobachten. Noch im vergangenen Jahr wurde unter der deutschen G20-Pr\u00e4sidentschaft die Einbindung verschiedener Interessengruppen vorangetrieben. Mozilla begr\u00fc\u00dfte die Einladung zu den <a href=\"https:\/\/www.g20.org\/en\/news\/digital-economy-task-force-prepares-recommendations-inclusive-development\" target=\"_blank\" rel=\"noopener\">G20-B20-Workshops<\/a> am 30. Juli, die es uns erm\u00f6glicht hat, einen Beitrag zur Digitalen Erkl\u00e4rung zu leisten. F\u00fcr einen sinnvollen, transparenten und integrativen Prozess reicht es jedoch nicht aus, vorab ausgew\u00e4hlte Organisationen vergleichsweise kurzfristig zu einer <a href=\"https:\/\/g20.org\/en\/calendar\" target=\"_blank\" rel=\"noopener\">inoffiziellen Nebenveranstaltung<\/a> einzuladen.<\/p>\n<p>Verantwortung im digitalen Zeitalter zu \u00fcbernehmen bedeutet auch, dass Regierungen der Komplexit\u00e4t der bestehenden und kommenden Herausforderungen gerecht werden m\u00fcssen. Daf\u00fcr sind sie auf die Mitwirkung verschiedener Akteure mit ihrem Fachwissen und ihren unterschiedlichen Erfahrungen angewiesen.<\/p>\n<p>Wir k\u00f6nnen das Vertrauen in die Entwicklung unserer digitalen Gesellschaften nicht wiederherstellen, wenn wir die T\u00fcren zu sinnvollem Engagement und partizipativen Prozessen schlie\u00dfen.<\/p>\n<p>Faro Digital, ITS Rio und Mozilla bekr\u00e4ftigen als Teil einer viel gr\u00f6\u00dferen <a href=\"https:\/\/g20openletter.org\/\" target=\"_blank\" rel=\"noopener\">Koalition von 80 Akteuren aus der ganzen Welt<\/a>, dass eine positive, zukunftsorientierte digitale Agenda ein gesundes Web-\u00d6kosystem unterst\u00fctzen und die Menschen und ihre individuellen Rechte in den Vordergrund stellen muss: Durch einen sinnvollen Zugang, starke Datenschutzrechte, Meinungsfreiheit, kollaborative Cybersicherheit und mehr Wettbewerb wird dies erm\u00f6glicht.<\/p>\n<p><i>Erfahren Sie mehr:<\/i><a href=\"https:\/\/g20openletter.org\" target=\"_blank\" rel=\"noopener\"> <i>https:\/\/g20openletter.org<\/i><\/a><\/p>\n<p><i>Mitchell Baker, Executive Chairwoman, Mozilla<\/i><\/p>\n<p><i>Ronaldo Lemos, Director, ITS Rio<\/i><\/p>\n<p><i>Ezequiel Passeron, Executive Director, Faro Digital<\/i><\/p>\n<p>&nbsp;<\/p>\n","protected":false},"excerpt":{"rendered":"<p>Wir begr\u00fc\u00dfen, dass die argentinische G20-Pr\u00e4sidentschaft den digitalen Prozess der G20 weiter vorantreibt und freuen uns auf die Erkl\u00e4rung der Digitalministerkonferenz am 24. August und die darin enthaltenen Fortschritte. Wir &hellip; <a class=\"go\" href=\"https:\/\/blog.mozilla.org\/press-de\/2018\/08\/02\/digitaler-prozess-der-g20-vertrauen-erfordert-mehr-transparenz-und-integration\/\">Mehr lesen<\/a><\/p>\n","protected":false},"author":495,"featured_media":0,"comment_status":"closed","ping_status":"closed","sticky":false,"template":"","format":"standard","meta":{"footnotes":""},"categories":[5],"tags":[],"_links":{"self":[{"href":"https:\/\/blog.mozilla.org\/press-de\/wp-json\/wp\/v2\/posts\/2545"}],"collection":[{"href":"https:\/\/blog.mozilla.org\/press-de\/wp-json\/wp\/v2\/posts"}],"about":[{"href":"https:\/\/blog.mozilla.org\/press-de\/wp-json\/wp\/v2\/types\/post"}],"author":[{"embeddable":true,"href":"https:\/\/blog.mozilla.org\/press-de\/wp-json\/wp\/v2\/users\/495"}],"replies":[{"embeddable":true,"href":"https:\/\/blog.mozilla.org\/press-de\/wp-json\/wp\/v2\/comments?post=2545"}],"version-history":[{"count":0,"href":"https:\/\/blog.mozilla.org\/press-de\/wp-json\/wp\/v2\/posts\/2545\/revisions"}],"wp:attachment":[{"href":"https:\/\/blog.mozilla.org\/press-de\/wp-json\/wp\/v2\/media?parent=2545"}],"wp:term":[{"taxonomy":"category","embeddable":true,"href":"https:\/\/blog.mozilla.org\/press-de\/wp-json\/wp\/v2\/categories?post=2545"},{"taxonomy":"post_tag","embeddable":true,"href":"https:\/\/blog.mozilla.org\/press-de\/wp-json\/wp\/v2\/tags?post=2545"}],"curies":[{"name":"wp","href":"https:\/\/api.w.org\/{rel}","templated":true}]}}