{"id":2746,"date":"2019-04-16T10:49:25","date_gmt":"2019-04-16T08:49:25","guid":{"rendered":"http:\/\/blog.mozilla.org\/press-de\/?p=2746"},"modified":"2019-05-29T14:05:40","modified_gmt":"2019-05-29T12:05:40","slug":"ein-tech-podcast-fuer-nicht-techies-aweb-von-firefox-startet-im-mai-2019","status":"publish","type":"post","link":"https:\/\/blog.mozilla.org\/press-de\/2019\/04\/16\/ein-tech-podcast-fuer-nicht-techies-aweb-von-firefox-startet-im-mai-2019\/","title":{"rendered":"Ein Tech-Podcast f\u00fcr Nicht-Techies: aweb von Firefox startet im Mai 2019"},"content":{"rendered":"<p><i>Firefox schl\u00e4gt ein neues Kapitel auf <\/i><\/p>\n<p><i>In dem unabh\u00e4ngigen <a href=\"https:\/\/blog.mozilla.org\/internetcitizen\/de\/2019\/04\/16\/aweb-der-einzige-podcast-uebers-web-den-du-brauchst\/\" target=\"_blank\" rel=\"noopener noreferrer\">Podcast aweb<\/a> nehmen die Moderatorinnen Anja und Alice die deutsche H\u00f6rerschaft ab Mai 2019 mit auf eine spannende Entdeckungsreise durch das Internet und zu all den furchtbar komplex klingenden Themen, vor denen der Ottonormal-User \u00fcblicherweise zur\u00fcckschreckt. Verst\u00e4ndlich f\u00fcr alle, trotzdem nie langweilig und mit einer ganzen Reihe an tollen G\u00e4sten, die ihren Senf dazugeben.<\/i><\/p>\n<h2><b>Niemand online? Kann nicht sein<\/b><\/h2>\n<p>Seien wir mal ehrlich: Wir sind fast alle von morgens bis abends auf die eine oder andere Art online. Hier E-Mails checken, da bei Instagram reinschauen und sp\u00e4ter noch eine Runde netflixen: Das alles z\u00e4hlt in die individuelle Online-Statistik hinein. \u00dcber die mehr oder weniger elementaren Fragen \u2013 welcher Foto-Filter der vorteilhafteste ist, wie man nervige Leute blockt oder etwas im eigenen Spam-Ordner findet \u2013 kommen wir dabei allerdings selten hinaus.<\/p>\n<p>Nur ganz am Rande ber\u00fchren wir Durchschnitts-User Themen wie <b>Content-Moderation<\/b> (weil gerade mal wieder ein erschreckender Bericht dazu erschienen ist), <b>Dark Web<\/b> (weil es bald wom\u00f6glich illegal sein k\u00f6nnte) oder <b>Copyright<\/b> (weil wir uns wundern, was eigentlich Uploadfilter sind und wieso so viele Menschen dagegen demonstrieren gehen). Dann stellen wir fest, dass uns zum Verstehen dieser Themen entweder das Hintergrundwissen fehlt oder wir uns nicht trauen, die einfachen Fragen zu stellen. Dabei wird es hier erst so richtig spannend.<\/p>\n<p><b>Gute Nachrichten: Das \u00e4ndern wir jetzt.<\/b><\/p>\n<p>Nach einem erfolgreichen ersten Ausflug in die Podcast-Welt, in Kooperation mit ze.tt und unter dem Titel <a href=\"https:\/\/ze.tt\/angebote\/podcast-aboutweb-wie-viel-online-ist-eigentlich-zu-viel-online\/\" target=\"_blank\" rel=\"noopener noreferrer\"><i>about:web<\/i><\/a>, geht Firefox jetzt so richtig in die Vollen: Am Dienstag, den 7. Mai, launchen wir mit <a href=\"https:\/\/blog.mozilla.org\/internetcitizen\/de\/2019\/04\/16\/aweb-der-einzige-podcast-uebers-web-den-du-brauchst\/\" target=\"_blank\" rel=\"noopener noreferrer\"><i>aweb<\/i><\/a> eine unabh\u00e4ngige Produktion, in der sich alles ums Web dreht. In Zusammenarbeit mit Tim Thaler (Journalist, Dozent und Gr\u00fcnder von BLN.FM) sowie Autor Victor Redman entsteht eine erste Staffel mit insgesamt sechs Folgen. Es werden Themen wie <b>Fame und Influencer<\/b>, <b>Familie<\/b> oder eben auch der Teil des Internets behandelt, der nur \u00fcber <b>Tor &amp; Co.<\/b> erreichbar ist (Was war Tor noch mal? Genau!). <em>aweb<\/em> spricht \u00fcber Dinge, die uns alle betreffen und interessieren, die aber oft nur sehr trocken und technisch erkl\u00e4rt werden. Statt Tech-Wissen f\u00fcr Experten liefert <em>aweb<\/em> einfache Antworten auf scheinbar komplexe Fragen. So, dass jede*r sie verstehen kann \u2013 egal ob 15 oder 75, Nerd oder Durchschnitts-Nutzer.<\/p>\n<p><b>H\u00f6ren Sie gleich in den Teaser hinein<\/b><b> und registrieren Sie sich f\u00fcr die erste Staffel von [a:web]:<\/b><\/p>\n<p><iframe loading=\"lazy\" id=\"hearthis_at_user_aweb\" src=\"https:\/\/hearthis.at\/aweb\/embed\/\" width=\"100%\" height=\"180\" frameborder=\"0\" scrolling=\"no\"><span style=\"display: inline-block; width: 0px; overflow: hidden; line-height: 0;\" data-mce-type=\"bookmark\" class=\"mce_SELRES_start\">\ufeff<\/span><span style=\"display: inline-block; width: 0px; overflow: hidden; line-height: 0;\" data-mce-type=\"bookmark\" class=\"mce_SELRES_start\">\ufeff<\/span><\/iframe><\/p>\n<p>Moderiert wird <i>aweb<\/i> von Anja und Alice von Firefox, die die Zuh\u00f6rer durch die fabelhafte weite Welt des Internets f\u00fchren. Ein fast grenzenloses Netzwerk, das zwar viele Geheimnisse birgt und im Sekundentakt Neues ausspuckt, aber niemanden nerv\u00f6s machen sollte. Zusammen mit wechselnden G\u00e4sten erkunden sie die nahezu untrennbare Verbindung von Online- und Offline-Welt, die dennoch von Zeit zu Zeit <a href=\"https:\/\/blog.mozilla.org\/berlin\/wie-privatsphaere-immer-exklusiver-wird-und-zwar-ueberall-auf-der-welt\/\" target=\"_blank\" rel=\"noopener noreferrer\">bewusst gekappt werden<\/a> sollte. Den Kick-off am 7. Mai machen wir mit einer Ausgabe zur <a href=\"https:\/\/blog.mozilla.org\/internetcitizen\/de\/2019\/04\/08\/eu-wahl-warum-waehlen-so-wichtig-ist-und-wie-du-manipulation-vermeidest\/\" target=\"_blank\" rel=\"noopener noreferrer\">EU-Wahl Ende Mai<\/a> und sprechen \u00fcber Online-Tracking und die Rolle, die das Internet bei den Wahlen spielt.<\/p>\n<h2><b>Das Web ist f\u00fcr alle da<\/b><\/h2>\n<p>&#8230;aber Chancengleichheit bleibt leider zu oft auf der Strecke. Daran arbeiten wir: Mozilla ist seit mehr als zwei Jahrzehnten das Non-Profit-Unternehmen hinter Firefox und anderen Open-Source-L\u00f6sungen. Auch <a href=\"https:\/\/www.mozilla.org\/de\/internet-health\/web-literacy\/\" target=\"_blank\" rel=\"noopener noreferrer\">digitale Bildung<\/a> spielt seit jeher eine wichtige Rolle f\u00fcr uns \u2013 und noch nie war sie so wichtig, ja fl\u00e4chendeckend notwendig, wie heute. Der Firefox-Podcast <i>aweb<\/i> bietet einen einfachen Zugang zu digitalen Themen. F\u00fcr alle. Und f\u00fcr ein gesundes Internet. Firefox fights for you.<\/p>\n","protected":false},"excerpt":{"rendered":"<p>Firefox schl\u00e4gt ein neues Kapitel auf In dem unabh\u00e4ngigen Podcast aweb nehmen die Moderatorinnen Anja und Alice die deutsche H\u00f6rerschaft ab Mai 2019 mit auf eine spannende Entdeckungsreise durch das &hellip; <a class=\"go\" href=\"https:\/\/blog.mozilla.org\/press-de\/2019\/04\/16\/ein-tech-podcast-fuer-nicht-techies-aweb-von-firefox-startet-im-mai-2019\/\">Mehr lesen<\/a><\/p>\n","protected":false},"author":1544,"featured_media":0,"comment_status":"closed","ping_status":"closed","sticky":false,"template":"","format":"standard","meta":{"footnotes":""},"categories":[30,326752],"tags":[],"_links":{"self":[{"href":"https:\/\/blog.mozilla.org\/press-de\/wp-json\/wp\/v2\/posts\/2746"}],"collection":[{"href":"https:\/\/blog.mozilla.org\/press-de\/wp-json\/wp\/v2\/posts"}],"about":[{"href":"https:\/\/blog.mozilla.org\/press-de\/wp-json\/wp\/v2\/types\/post"}],"author":[{"embeddable":true,"href":"https:\/\/blog.mozilla.org\/press-de\/wp-json\/wp\/v2\/users\/1544"}],"replies":[{"embeddable":true,"href":"https:\/\/blog.mozilla.org\/press-de\/wp-json\/wp\/v2\/comments?post=2746"}],"version-history":[{"count":0,"href":"https:\/\/blog.mozilla.org\/press-de\/wp-json\/wp\/v2\/posts\/2746\/revisions"}],"wp:attachment":[{"href":"https:\/\/blog.mozilla.org\/press-de\/wp-json\/wp\/v2\/media?parent=2746"}],"wp:term":[{"taxonomy":"category","embeddable":true,"href":"https:\/\/blog.mozilla.org\/press-de\/wp-json\/wp\/v2\/categories?post=2746"},{"taxonomy":"post_tag","embeddable":true,"href":"https:\/\/blog.mozilla.org\/press-de\/wp-json\/wp\/v2\/tags?post=2746"}],"curies":[{"name":"wp","href":"https:\/\/api.w.org\/{rel}","templated":true}]}}