{"id":1027,"date":"2015-04-22T10:15:31","date_gmt":"2015-04-22T08:15:31","guid":{"rendered":"http:\/\/blog.mozilla.org\/press-fr\/?p=1027"},"modified":"2015-04-22T16:53:34","modified_gmt":"2015-04-22T14:53:34","slug":"loi-renseignement-mozilla-sexprime","status":"publish","type":"post","link":"https:\/\/blog.mozilla.org\/press-fr\/2015\/04\/22\/loi-renseignement-mozilla-sexprime\/","title":{"rendered":"Mozilla s\u2019exprime sur la Loi Renseignement"},"content":{"rendered":"<p>Depuis l\u2019affaire Snowden, de plus en plus de gouvernements se sont interrog\u00e9s sur les limites convenables de la surveillance\u202f; certains \u00c9tats cherchant \u00e0 restreindre leur propre acc\u00e8s \u00e0 l\u2019information et d\u2019autres \u00e0 restreindre celui d\u2019autres gouvernements. De mani\u00e8re g\u00e9n\u00e9rale, nous sommes heureux de soutenir ce genre d\u2019efforts. Cependant, les r\u00e9cents \u00e9v\u00e8nements autour de la loi sur le renseignement d\u00e9battue en ce moment en France nous pr\u00e9occupent fortement. Le Gouvernement soumet ce projet au Parlement en urgence, avec presque aucune consultation des parties prenantes. De plus, les modalit\u00e9s exactes de ce projet de loi semblent changer fr\u00e9quemment.<\/p>\n<p>Les mesures de l\u2019actuel projet de loi ayant \u00e9t\u00e9 rendues publiques \u2013 y compris celles autorisant la collecte massive de m\u00e9tadonn\u00e9es, l\u2019analyse automatique par algorithme des communications des utilisateurs, ou encore les mesures visant \u00e0 affaiblir le chiffrement \u2013 constituent une menace pour l\u2019infrastructure d\u2019Internet, la vie priv\u00e9e des utilisateurs, ainsi que pour la s\u00e9curit\u00e9 des donn\u00e9es. Compte tenu de notre engagement pour l\u2019ouverture et la transparence, nous ne nous inqui\u00e9tons pas seulement du contenu de ces mesures, mais \u00e9galement de la mani\u00e8re dont cette l\u00e9gislation est \u00e9labor\u00e9e. Les discussions men\u00e9es secr\u00e8tement, \u00e0 huis clos, aboutissent rarement \u00e0 une l\u00e9gislation forte.<\/p>\n<p>Tandis que ces dispositions \u00e9voluent rapidement avec le processus politique, Mozilla rejoint de nombreuses institutions, entreprises et organisations de la soci\u00e9t\u00e9 civile fran\u00e7aise pour exprimer sa profonde inqui\u00e9tude quant aux mesures propos\u00e9es par le Gouvernement fran\u00e7ais. En particulier, Mozilla s\u2019opposerait \u00e0 toute loi qui :<\/p>\n<ul>\n<li>Permettrait la surveillance g\u00e9n\u00e9ralis\u00e9e des communications, des activit\u00e9s sur le Web et des m\u00e9tadonn\u00e9es des utilisateurs. Nous pensons que ceci repr\u00e9sente une violation disproportionn\u00e9e de la vie priv\u00e9e et fragilise la confiance n\u00e9cessaire au fonctionnement d\u2019un Internet ouvert.<\/li>\n<li>Saperait l\u2019efficacit\u00e9 des outils de chiffrement, voire la capacit\u00e9 \u00e0 les utiliser. Le monde entier d\u00e9pend du chiffrement pour garantir la s\u00e9curit\u00e9 et la confidentialit\u00e9 des communications et du commerce.<\/li>\n<li>N\u00e9gligerait le respect de la vie priv\u00e9e, une proc\u00e9dure \u00e9quitable et transparente et les garde-fous d\u2019une supervision judiciaire, ou permettrait la r\u00e9tention injustifi\u00e9e de donn\u00e9es.<\/li>\n<\/ul>\n<p>Nous sommes particuli\u00e8rement pr\u00e9occup\u00e9s par l\u2019installation de \u00ab\u202fbo\u00eetes noires\u202f\u00bb au sein des infrastructures des fournisseurs de services de communications afin de proc\u00e9der \u00e0 une surveillance par algorithme. Cette disposition oblige les entreprises \u00e0 permettre une surveillance gouvernementale de l\u2019activit\u00e9 en ligne de tous leurs utilisateurs, \u00e0 la recherche d\u2019un ensemble obscur de motifs comportementaux \u00ab\u202fsuspects\u202f\u00bb.<\/p>\n<p>Mozilla exhorte le Gouvernement fran\u00e7ais \u00e0 ouvrir un v\u00e9ritable d\u00e9bat autour de cette loi. En particulier, il est n\u00e9cessaire de prendre en compte son impact technologique sur l\u2019infrastructure d\u2019Internet et la s\u00e9curit\u00e9 des utilisateurs. \u00c0 l\u2019heure o\u00f9 il appara\u00eet de plus en plus clairement que confidentialit\u00e9 et s\u00e9curit\u00e9 se renforcent mutuellement, le Gouvernement fran\u00e7ais semble vouloir mettre en opposition ces deux valeurs, au risque de les affaiblir toutes les deux.<\/p>\n<p><em>Ce communiqu\u00e9 est une traduction de : <a href=\"https:\/\/blog.mozilla.org\/netpolicy\/2015\/04\/22\/mozilla-speaks-out-on-french-intelligence-bill\/\">Mozilla speaks out on French intelligence bill<\/a><\/em><\/p>\n","protected":false},"excerpt":{"rendered":"<p>Depuis l\u2019affaire Snowden, de plus en plus de gouvernements se sont interrog\u00e9s sur les limites convenables de la surveillance\u202f; certains \u00c9tats cherchant \u00e0 restreindre leur propre acc\u00e8s \u00e0 l\u2019information et &hellip; <a class=\"go\" href=\"https:\/\/blog.mozilla.org\/press-fr\/2015\/04\/22\/loi-renseignement-mozilla-sexprime\/\">Lire la suite<\/a><\/p>\n","protected":false},"author":498,"featured_media":0,"comment_status":"closed","ping_status":"closed","sticky":false,"template":"","format":"standard","meta":{"footnotes":""},"categories":[1],"tags":[],"_links":{"self":[{"href":"https:\/\/blog.mozilla.org\/press-fr\/wp-json\/wp\/v2\/posts\/1027"}],"collection":[{"href":"https:\/\/blog.mozilla.org\/press-fr\/wp-json\/wp\/v2\/posts"}],"about":[{"href":"https:\/\/blog.mozilla.org\/press-fr\/wp-json\/wp\/v2\/types\/post"}],"author":[{"embeddable":true,"href":"https:\/\/blog.mozilla.org\/press-fr\/wp-json\/wp\/v2\/users\/498"}],"replies":[{"embeddable":true,"href":"https:\/\/blog.mozilla.org\/press-fr\/wp-json\/wp\/v2\/comments?post=1027"}],"version-history":[{"count":0,"href":"https:\/\/blog.mozilla.org\/press-fr\/wp-json\/wp\/v2\/posts\/1027\/revisions"}],"wp:attachment":[{"href":"https:\/\/blog.mozilla.org\/press-fr\/wp-json\/wp\/v2\/media?parent=1027"}],"wp:term":[{"taxonomy":"category","embeddable":true,"href":"https:\/\/blog.mozilla.org\/press-fr\/wp-json\/wp\/v2\/categories?post=1027"},{"taxonomy":"post_tag","embeddable":true,"href":"https:\/\/blog.mozilla.org\/press-fr\/wp-json\/wp\/v2\/tags?post=1027"}],"curies":[{"name":"wp","href":"https:\/\/api.w.org\/{rel}","templated":true}]}}