{"id":1443,"date":"2018-08-03T15:20:20","date_gmt":"2018-08-03T13:20:20","guid":{"rendered":"http:\/\/blog.mozilla.org\/press-fr\/?p=1443"},"modified":"2018-08-03T15:20:20","modified_gmt":"2018-08-03T13:20:20","slug":"g20-numerique-la-confiance-requiert-davantage-de-transparence-et-dinclusion","status":"publish","type":"post","link":"https:\/\/blog.mozilla.org\/press-fr\/2018\/08\/03\/g20-numerique-la-confiance-requiert-davantage-de-transparence-et-dinclusion\/","title":{"rendered":"G20 num\u00e9rique : la confiance requiert davantage de transparence et d\u2019inclusion"},"content":{"rendered":"<p><em>Nous f\u00e9licitons la pr\u00e9sidence argentine du G20 pour avoir continu\u00e9 \u00e0 faire progresser le G20 num\u00e9rique et attendons avec impatience de d\u00e9couvrir la D\u00e9claration et les progr\u00e8s r\u00e9alis\u00e9s suite au Digital Ministerial du 24 ao\u00fbt.<\/em><\/p>\n<p>Mitchell Baker<br \/>\n1er ao\u00fbt 2018<\/p>\n<p><em>Cependant, nous ne pouvons ignorer le manque de transparence et le recul pris concernant l\u2019approche de gouvernance collaborative promue sous la pr\u00e9sidence allemande du G20 l\u2019ann\u00e9e derni\u00e8re. Mozilla est heureuse d\u2019avoir \u00e9t\u00e9 invit\u00e9e \u00e0 participer aux <a href=\"https:\/\/www.g20.org\/en\/news\/digital-economy-task-force-prepares-recommendations-inclusive-development\">ateliers G20-B20<\/a> organis\u00e9s le 30 juillet, qui ont permis de nourrir la r\u00e9daction de la D\u00e9claration Num\u00e9rique. Mais cette invitation \u00e0 un <a href=\"https:\/\/g20.org\/en\/calendar\">\u00e9v\u00e9nement annexe non officiel<\/a>, envoy\u00e9e \u00e0 des organisations s\u00e9lectionn\u00e9es en amont et dans des d\u00e9lais relativement courts, ne s\u2019inscrit pas dans une d\u00e9marche v\u00e9ritablement transparente et inclusive.<\/em><\/p>\n<p><em>Prendre ses responsabilit\u00e9s \u00e0 l\u2019\u00e8re du num\u00e9rique implique, pour les gouvernements, de tenir compte de la complexit\u00e9 des d\u00e9fis d&rsquo;aujourd&rsquo;hui et de demain en incluant diff\u00e9rentes parties prenantes, afin qu\u2019elles puissent partager leur expertise et leurs multiples exp\u00e9riences.<\/em><\/p>\n<p><em>Il ne sera pas possible de r\u00e9tablir la confiance dans le d\u00e9veloppement de nos soci\u00e9t\u00e9s num\u00e9riques si nous tournons le dos \u00e0 des engagements significatifs et des processus collaboratifs.<\/em><\/p>\n<p><em>Membres d\u2019une <a href=\"http:\/\/g20openletter.org\">coalition de 80 parties-prenantes r\u00e9parties partout dans le monde,<\/a> Faro Digital, ITS Rio et Mozilla rappellent qu\u2019un programme num\u00e9rique positif et visionnaire doit soutenir un \u00e9cosyst\u00e8me Web sain et faire des individus et de leurs droits une priorit\u00e9. Pour cela, il doit garantir un v\u00e9ritable acc\u00e8s au Web, des lois solides en mati\u00e8re de protection de la vie priv\u00e9e et des donn\u00e9es, la libert\u00e9 d\u2019expression, une cyber s\u00e9curit\u00e9 collaborative et une concurrence accrue.<\/em><\/p>\n<p><em>Pour en savoir plus : <\/em><a href=\"https:\/\/g20openletter.org\"><em>https:\/\/g20openletter.org<\/em><\/a><\/p>\n<p><em>Mitchell Baker, Executive Chairwoman, Mozilla<\/em><\/p>\n<p><em>Ronaldo Lemos, Director, ITS Rio<\/em><\/p>\n<p><em>Ezequiel Passeron, Executive Director, Faro Digital<\/em><\/p>\n","protected":false},"excerpt":{"rendered":"<p>Nous f\u00e9licitons la pr\u00e9sidence argentine du G20 pour avoir continu\u00e9 \u00e0 faire progresser le G20 num\u00e9rique et attendons avec impatience de d\u00e9couvrir la D\u00e9claration et les progr\u00e8s r\u00e9alis\u00e9s suite au &hellip; <a class=\"go\" href=\"https:\/\/blog.mozilla.org\/press-fr\/2018\/08\/03\/g20-numerique-la-confiance-requiert-davantage-de-transparence-et-dinclusion\/\">Lire la suite<\/a><\/p>\n","protected":false},"author":498,"featured_media":0,"comment_status":"closed","ping_status":"closed","sticky":false,"template":"","format":"standard","meta":{"footnotes":""},"categories":[1],"tags":[],"_links":{"self":[{"href":"https:\/\/blog.mozilla.org\/press-fr\/wp-json\/wp\/v2\/posts\/1443"}],"collection":[{"href":"https:\/\/blog.mozilla.org\/press-fr\/wp-json\/wp\/v2\/posts"}],"about":[{"href":"https:\/\/blog.mozilla.org\/press-fr\/wp-json\/wp\/v2\/types\/post"}],"author":[{"embeddable":true,"href":"https:\/\/blog.mozilla.org\/press-fr\/wp-json\/wp\/v2\/users\/498"}],"replies":[{"embeddable":true,"href":"https:\/\/blog.mozilla.org\/press-fr\/wp-json\/wp\/v2\/comments?post=1443"}],"version-history":[{"count":0,"href":"https:\/\/blog.mozilla.org\/press-fr\/wp-json\/wp\/v2\/posts\/1443\/revisions"}],"wp:attachment":[{"href":"https:\/\/blog.mozilla.org\/press-fr\/wp-json\/wp\/v2\/media?parent=1443"}],"wp:term":[{"taxonomy":"category","embeddable":true,"href":"https:\/\/blog.mozilla.org\/press-fr\/wp-json\/wp\/v2\/categories?post=1443"},{"taxonomy":"post_tag","embeddable":true,"href":"https:\/\/blog.mozilla.org\/press-fr\/wp-json\/wp\/v2\/tags?post=1443"}],"curies":[{"name":"wp","href":"https:\/\/api.w.org\/{rel}","templated":true}]}}