{"id":365,"date":"2013-02-24T15:24:12","date_gmt":"2013-02-24T14:24:12","guid":{"rendered":"http:\/\/blog.mozilla.org\/press-fr\/?p=365"},"modified":"2013-02-24T15:24:12","modified_gmt":"2013-02-24T14:24:12","slug":"ericsson-mozilla-et-att-utilisent-la-puissance-de-webrtc-pour-illustrer-un-web-homogene-et-lintegration-mobile","status":"publish","type":"post","link":"https:\/\/blog.mozilla.org\/press-fr\/2013\/02\/24\/ericsson-mozilla-et-att-utilisent-la-puissance-de-webrtc-pour-illustrer-un-web-homogene-et-lintegration-mobile\/","title":{"rendered":"Ericsson, Mozilla et AT&amp;T utilisent la puissance de WebRTC pour illustrer un Web homog\u00e8ne et l&rsquo;int\u00e9gration mobile"},"content":{"rendered":"<p>Cette semaine, au Mobile World Congress, Mozilla, Ericsson et AT&amp;T emm\u00e8nent le standard WebRTC encore plus loin en d\u00e9montrant la capacit\u00e9 de Firefox \u00e0 se synchroniser avec le num\u00e9ro de mobile d\u2019un utilisateur et fournir des services d\u2019appels sans passer par un plugin tiers<\/p>\n<p>Une d\u00e9monstration \u00e0 notre stand (Hall 8.1, Stand F20) montre comment les utilisateurs peuvent facilement envoyer et recevoir des appels visio \u00e0 partir de leur mobiles ou de leur navigateur desktop en utilisant WebRTC, ils peuvent \u00e9galement partager leur exp\u00e9rience web avec leurs amis et famille qui utiliseraient un PC ou un mobile de l\u2019autre c\u00f4t\u00e9 du monde<\/p>\n<p>Cette d\u00e9monstration jointe met en avant les communications web en passerelle d\u2019Ericsson, la Social API de Mozilla Firefox et le support de WebRTC dans Firefox. La d\u00e9monstration montre \u00e9galement comment Firefox peut r\u00e9aliser plusieurs fonctions habituellement exclusives aux appareils mobiles, tels que les appels vocaux et en visio, ou encore les SMS et MMS<\/p>\n<p>Pour lire le communiqu\u00e9 de presse complet, <a href=\"https:\/\/blog.mozilla.org\/blog\/2013\/02\/24\/webrtc-ringing-a-mobile-phone-near-you\/\">cliquez ici<\/a><\/p>\n","protected":false},"excerpt":{"rendered":"<p>Cette semaine, au Mobile World Congress, Mozilla, Ericsson et AT&amp;T emm\u00e8nent le standard WebRTC encore plus loin en d\u00e9montrant la capacit\u00e9 de Firefox \u00e0 se synchroniser avec le num\u00e9ro de &hellip; <a class=\"go\" href=\"https:\/\/blog.mozilla.org\/press-fr\/2013\/02\/24\/ericsson-mozilla-et-att-utilisent-la-puissance-de-webrtc-pour-illustrer-un-web-homogene-et-lintegration-mobile\/\">Lire la suite<\/a><\/p>\n","protected":false},"author":498,"featured_media":0,"comment_status":"closed","ping_status":"closed","sticky":false,"template":"","format":"standard","meta":{"footnotes":""},"categories":[24660,124],"tags":[],"_links":{"self":[{"href":"https:\/\/blog.mozilla.org\/press-fr\/wp-json\/wp\/v2\/posts\/365"}],"collection":[{"href":"https:\/\/blog.mozilla.org\/press-fr\/wp-json\/wp\/v2\/posts"}],"about":[{"href":"https:\/\/blog.mozilla.org\/press-fr\/wp-json\/wp\/v2\/types\/post"}],"author":[{"embeddable":true,"href":"https:\/\/blog.mozilla.org\/press-fr\/wp-json\/wp\/v2\/users\/498"}],"replies":[{"embeddable":true,"href":"https:\/\/blog.mozilla.org\/press-fr\/wp-json\/wp\/v2\/comments?post=365"}],"version-history":[{"count":0,"href":"https:\/\/blog.mozilla.org\/press-fr\/wp-json\/wp\/v2\/posts\/365\/revisions"}],"wp:attachment":[{"href":"https:\/\/blog.mozilla.org\/press-fr\/wp-json\/wp\/v2\/media?parent=365"}],"wp:term":[{"taxonomy":"category","embeddable":true,"href":"https:\/\/blog.mozilla.org\/press-fr\/wp-json\/wp\/v2\/categories?post=365"},{"taxonomy":"post_tag","embeddable":true,"href":"https:\/\/blog.mozilla.org\/press-fr\/wp-json\/wp\/v2\/tags?post=365"}],"curies":[{"name":"wp","href":"https:\/\/api.w.org\/{rel}","templated":true}]}}