{"id":883,"date":"2014-07-28T18:11:25","date_gmt":"2014-07-28T16:11:25","guid":{"rendered":"http:\/\/blog.mozilla.org\/press-fr\/?p=883"},"modified":"2014-07-28T18:11:25","modified_gmt":"2014-07-28T16:11:25","slug":"chris-beard-nomme-au-poste-de-ceo-chez-mozilla","status":"publish","type":"post","link":"https:\/\/blog.mozilla.org\/press-fr\/2014\/07\/28\/chris-beard-nomme-au-poste-de-ceo-chez-mozilla\/","title":{"rendered":"Chris Beard nomm\u00e9 au poste de CEO chez Mozilla"},"content":{"rendered":"<p>Le conseil d\u2019administration de Mozilla annonce aujourd\u2019hui la nomination de Chris Beard au poste de CEO.<\/p>\n<p>Pour rappel, Chris avait r\u00e9int\u00e9gr\u00e9 Mozilla en Avril afin d\u2019assurer l\u2019int\u00e9rim \u00e0 ce m\u00eame poste.<\/p>\n<p>&nbsp;<\/p>\n<p>Pour en savoir plus, rendez-vous ici\u00a0: <a href=\"https:\/\/blog.mozilla.org\/blog\/2014\/07\/28\/chris-beard-named-ceo-of-mozilla\/\">https:\/\/blog.mozilla.org\/blog\/2014\/07\/28\/chris-beard-named-ceo-of-mozilla\/<\/a><\/p>\n","protected":false},"excerpt":{"rendered":"<p>Le conseil d\u2019administration de Mozilla annonce aujourd\u2019hui la nomination de Chris Beard au poste de CEO. Pour rappel, Chris avait r\u00e9int\u00e9gr\u00e9 Mozilla en Avril afin d\u2019assurer l\u2019int\u00e9rim \u00e0 ce m\u00eame &hellip; <a class=\"go\" href=\"https:\/\/blog.mozilla.org\/press-fr\/2014\/07\/28\/chris-beard-nomme-au-poste-de-ceo-chez-mozilla\/\">Lire la suite<\/a><\/p>\n","protected":false},"author":498,"featured_media":0,"comment_status":"closed","ping_status":"closed","sticky":false,"template":"","format":"standard","meta":{"footnotes":""},"categories":[1],"tags":[],"_links":{"self":[{"href":"https:\/\/blog.mozilla.org\/press-fr\/wp-json\/wp\/v2\/posts\/883"}],"collection":[{"href":"https:\/\/blog.mozilla.org\/press-fr\/wp-json\/wp\/v2\/posts"}],"about":[{"href":"https:\/\/blog.mozilla.org\/press-fr\/wp-json\/wp\/v2\/types\/post"}],"author":[{"embeddable":true,"href":"https:\/\/blog.mozilla.org\/press-fr\/wp-json\/wp\/v2\/users\/498"}],"replies":[{"embeddable":true,"href":"https:\/\/blog.mozilla.org\/press-fr\/wp-json\/wp\/v2\/comments?post=883"}],"version-history":[{"count":0,"href":"https:\/\/blog.mozilla.org\/press-fr\/wp-json\/wp\/v2\/posts\/883\/revisions"}],"wp:attachment":[{"href":"https:\/\/blog.mozilla.org\/press-fr\/wp-json\/wp\/v2\/media?parent=883"}],"wp:term":[{"taxonomy":"category","embeddable":true,"href":"https:\/\/blog.mozilla.org\/press-fr\/wp-json\/wp\/v2\/categories?post=883"},{"taxonomy":"post_tag","embeddable":true,"href":"https:\/\/blog.mozilla.org\/press-fr\/wp-json\/wp\/v2\/tags?post=883"}],"curies":[{"name":"wp","href":"https:\/\/api.w.org\/{rel}","templated":true}]}}