{"id":396,"date":"2013-04-10T21:50:56","date_gmt":"2013-04-10T19:50:56","guid":{"rendered":"http:\/\/blog.mozilla.org\/press-it\/?p=396"},"modified":"2013-04-10T21:50:56","modified_gmt":"2013-04-10T19:50:56","slug":"mozilla-si-prepara-ad-un-nuovo-capitolo","status":"publish","type":"post","link":"https:\/\/blog.mozilla.org\/press-it\/2013\/04\/10\/mozilla-si-prepara-ad-un-nuovo-capitolo\/","title":{"rendered":"Mozilla si prepara ad un nuovo capitolo"},"content":{"rendered":"<p>Mozilla \u00e8 entrata in una fase entusiasmante: ha lanciato dispositivi mobili con importanti partner in tutto il mondo ed ha rinvigorito la propria missione nel proteggere la libert\u00e0 di Internet per i prossimi 2 miliardi di utenti online.<\/p>\n<p>Per prepararsi alle prossime evoluzioni, Mozilla ha annunciato alcuni cambiamenti nel proprio management: entro la fine dell&#8217;anno Gary Kovacs si dimetter\u00e0 dal ruolo di Amministratore Delegato, e rimarr\u00e0 un membro del Consiglio di Amministrazione di Mozilla. Invece Mitchell Baker ha ampliato il suo ruolo per diventare il Presidente Esecutivo con un maggiore coinvolgimento nelle attivit\u00e0 quotidiane della fondazione.<\/p>\n<p>Arrivato nel novembre del 2010 con l\u2019obiettivo di guidare Mozilla dal mondo del browser per desktop all&#8217;ecosistema mobile, Gary ha raggiunto con successo questo scopo.<\/p>\n<p>Questo annuncio rilasciato all&#8217;inizio della ricerca di un nuovo CEO \u00e8 in linea con l&#8217;identit\u00e0 di Mozilla quale organizzazione di pubblica utilit\u00e0 dedicata all&#8217;apertura e alla partecipazione di Internet.<\/p>\n<p>Per approfondimenti si possono consultare il <a href=\"https:\/\/blog.mozilla.org\/blog\/2013\/04\/10\/gearing-up-for-the-next-chapter\/\">blog di Mozilla<\/a> ed il <a href=\"https:\/\/blog.lizardwrangler.com\/2013\/04\/10\/preparing-for-the-next-chapter\/\">post di Mitchell Baker<\/a>.<\/p>\n","protected":false},"excerpt":{"rendered":"<p>Mozilla \u00e8 entrata in una fase entusiasmante: ha lanciato dispositivi mobili con importanti partner in tutto il mondo ed ha rinvigorito la propria missione nel proteggere la libert\u00e0 di Internet &hellip; <a class=\"go\" href=\"https:\/\/blog.mozilla.org\/press-it\/2013\/04\/10\/mozilla-si-prepara-ad-un-nuovo-capitolo\/\">Read more<\/a><\/p>\n","protected":false},"author":496,"featured_media":0,"comment_status":"closed","ping_status":"closed","sticky":false,"template":"","format":"standard","meta":{"footnotes":""},"categories":[27152],"tags":[],"_links":{"self":[{"href":"https:\/\/blog.mozilla.org\/press-it\/wp-json\/wp\/v2\/posts\/396"}],"collection":[{"href":"https:\/\/blog.mozilla.org\/press-it\/wp-json\/wp\/v2\/posts"}],"about":[{"href":"https:\/\/blog.mozilla.org\/press-it\/wp-json\/wp\/v2\/types\/post"}],"author":[{"embeddable":true,"href":"https:\/\/blog.mozilla.org\/press-it\/wp-json\/wp\/v2\/users\/496"}],"replies":[{"embeddable":true,"href":"https:\/\/blog.mozilla.org\/press-it\/wp-json\/wp\/v2\/comments?post=396"}],"version-history":[{"count":0,"href":"https:\/\/blog.mozilla.org\/press-it\/wp-json\/wp\/v2\/posts\/396\/revisions"}],"wp:attachment":[{"href":"https:\/\/blog.mozilla.org\/press-it\/wp-json\/wp\/v2\/media?parent=396"}],"wp:term":[{"taxonomy":"category","embeddable":true,"href":"https:\/\/blog.mozilla.org\/press-it\/wp-json\/wp\/v2\/categories?post=396"},{"taxonomy":"post_tag","embeddable":true,"href":"https:\/\/blog.mozilla.org\/press-it\/wp-json\/wp\/v2\/tags?post=396"}],"curies":[{"name":"wp","href":"https:\/\/api.w.org\/{rel}","templated":true}]}}