{"id":1412,"date":"2015-03-01T17:14:45","date_gmt":"2015-03-01T16:14:45","guid":{"rendered":"http:\/\/blog.mozilla.org\/press-pl\/?p=1412"},"modified":"2015-03-01T17:15:32","modified_gmt":"2015-03-01T16:15:32","slug":"firefox-os-potwierdza-elastycznosc-sieci-ekosystem-rozszerza-sie-o-nowych-partnerow-kategorie-urzadzen-i-regiony-w-2015","status":"publish","type":"post","link":"https:\/\/blog.mozilla.org\/press-pl\/2015\/03\/01\/firefox-os-potwierdza-elastycznosc-sieci-ekosystem-rozszerza-sie-o-nowych-partnerow-kategorie-urzadzen-i-regiony-w-2015\/","title":{"rendered":"Firefox OS potwierdza elastyczno\u015b\u0107 Sieci: ekosystem rozszerza si\u0119 o nowych partner\u00f3w, kategorie urz\u0105dze\u0144 i regiony w 2015"},"content":{"rendered":"<p><em>Orange wprowadzi Firefox OS na 13 rynkach w Afryce i na Bliskim Wschodzie; Mozilla, KDDI, LG U+, Telef\u00f3nica i Verizon pracuj\u0105 nad now\u0105 kategori\u0105 telefon\u00f3w z systemem Firefox OS.<\/em><\/p>\n<p><strong>Barcelona, Hiszpania \u2013 Mobile World Congress \u2013 1 marca 2015<\/strong><br \/>\nMozilla, organizacja non-profit, kt\u00f3rej misj\u0105 jest utrzymanie kontroli nad Internetem w r\u0119kach u\u017cytkownik\u00f3w, powita\u0142a kolejnych partner\u00f3w oraz zaprezentowa\u0142a nowe urz\u0105dzenia z Firefox OS na spotkaniu poprzedzaj\u0105cym Mobile World Congress w Barcelonie.<\/p>\n<p>Li Gong, prezes Mozilli, podsumowa\u0142 stan rozwoju Firefox OS, kt\u00f3ry obecnie obejmuje urz\u0105dzenia od najbardziej przyst\u0119pnych cenowo smartfon\u00f3w na \u015bwiecie po telewizory 4K Ultra HD. \u201eDwa lata temu system Firefox OS by\u0142 obietnic\u0105. Na MWC 2014 mogli\u015bmy ju\u017c pokaza\u0107, \u017ce urz\u0105dzenia z Firefox OS dost\u0119pne s\u0105 w r\u00f3\u017cnych przedzia\u0142ach cenowych i parametrach. Dzi\u015b na MWC 2015 \u015bwi\u0119tujemy wiele udanych premier urz\u0105dze\u0144, wyj\u015bcie Firefox OS poza urz\u0105dzenia mobilne, a tak\u017ce innowacje i rosn\u0105ce zainteresowanie wok\u00f3\u0142 jedynej, naprawd\u0119 otwartej platformy mobilnej. Jeste\u015bmy dumni, \u017ce 3 g\u0142\u00f3wnych dostawc\u00f3w wsp\u00f3\u0142pracuje z ekosystemem Firefox OS.\u201c<\/p>\n<p><strong>Szczeg\u00f3\u0142y nowo\u015bci Firefox OS og\u0142oszonych na MWC 2015<\/strong><\/p>\n<p>\u2022 <strong>Mozilla, KDDI, LG U+, Telef\u00f3nica i Verizon Wireless pracuj\u0105 nad now\u0105 kategori\u0105 intuicyjnych i \u0142atwych w u\u017cyciu telefon\u00f3w z Firefox OS:<\/strong> Firmy pracuj\u0105 nad stworzeniem nowej linii telefon\u00f3w z Firefox OS, kt\u00f3re zostan\u0105 wprowadzone na rynek w 2016 roku. B\u0119d\u0105 to r\u00f3\u017cne typy urz\u0105dze\u0144 \u2013 z klapk\u0105, rozsuwane i dotykowe \u2013 dzi\u0119ki czemu zachowana zostanie r\u00f3wnowaga pomi\u0119dzy prostot\u0105 zwyk\u0142ego telefonu (po\u0142\u0105czenia, wiadomo\u015bci) a bardziej zaawansowanymi funkcjami smartfona \u2013 aplikacje, nawigacja, odtwarzacze muzyki, kamera, wideo, LTE, VoLTE, e-mail i przegl\u0105darka internetowa. Wi\u0119cej informacji: <a href=\"https:\/\/blog.mozilla.org\" target=\"_blank\">blog.mozilla.org<\/a><\/p>\n<p><strong>\u2022 <a href=\"http:\/\/www.orange.com\/en\/press\/Orange-Mobile-World-Congress-2015\/Virtual-Press-Room\" target=\"_blank\">Orange og\u0142asza<\/a> wprowadzenie Firefox OS na 13 rynkach w ramach nowej oferty.<\/strong> Dzisiaj Orange udost\u0119pnia ofert\u0119 na mobilny Internet milionom ludzi w Afryce i na Bliskim Wschodzie, kt\u00f3rzy nie mieli do niego wcze\u015bniej dost\u0119pu. Oferta Orange Klif zaczyna si\u0119 ju\u017c od $45 (\u20ac35), \u0142\u0105cznie z pakietem danych, rozm\u00f3w i sms\u00f3w i ustanawia nowy standard cenowy na rynku smartfon\u00f3w i przesy\u0142ania danych w tym regionie. Smartfon Firefox OS 3G b\u0119dzie dost\u0119pny w drugim kwartale tego roku tylko w Orange na 13 rynkach, w tym: w Egipcie, Senegalu, Tunezji, Kamerunie, Botswanie, Madagaskarze, Mali, Wybrze\u017cu Ko\u015bci S\u0142oniowej, Jordanii, Nigrze, Kenii, Mauritiusie i Republice Vanuatu. ALCATEL ONETOUCH wsp\u00f3\u0142pracuj\u0105cy z Orange dzi\u015b og\u0142osi\u0142 wi\u0119cej szczeg\u00f3\u0142\u00f3w na temat nowego telefonu:<\/p>\n<p><strong><a href=\"https:\/\/blog.mozilla.org\/press-pl\/files\/2015\/03\/Orange-Klif-3G-Volcano-Black-_HD.jpg\"><img decoding=\"async\" loading=\"lazy\" class=\"  wp-image-1415 alignleft\" src=\"https:\/\/blog.mozilla.org\/press-pl\/files\/2015\/03\/Orange-Klif-3G-Volcano-Black-_HD-600x509.jpg\" alt=\"Orange Klif 3G Volcano Black _HD\" width=\"212\" height=\"179\" srcset=\"https:\/\/blog.mozilla.org\/press-pl\/files\/2015\/03\/Orange-Klif-3G-Volcano-Black-_HD-600x509.jpg 600w, https:\/\/blog.mozilla.org\/press-pl\/files\/2015\/03\/Orange-Klif-3G-Volcano-Black-_HD-252x214.jpg 252w\" sizes=\"(max-width: 212px) 100vw, 212px\" \/><\/a>\u2022 ALCATEL ONETOUCH rozszerza dost\u0119p do mobilnego Internetu wraz z <a href=\"http:\/\/www.alcatelonetouch.com\/global-en\/news\/pressroom.html\" target=\"_blank\">najnowszym telefonem z Firefox OS<\/a>, Orange Klif.<\/strong> Orange Klif oferuje po\u0142\u0105czenie o pr\u0119dko\u015bci do 21 Mb\/s, funkcj\u0119 Dual SIM, aparat o rozdzielczo\u015bci 2 Mpix i wej\u015bcie microSD. Dodanie zoptymalizowanego Firefox OS pozwala na bezproblemowe korzystanie z Sieci.<br \/>\nOrange Klif jest pierwszym telefonem Firefox OS z procesorem MediaTek.<\/p>\n<p>\u2022 Mozilla ujawni\u0142a wi\u0119cej szczeg\u00f3\u0142\u00f3w o nadchodz\u0105cych wersjach Firefox OS, mi\u0119dzy innymi: lepsz\u0105 obs\u0142ug\u0119 wielordzeniowych procesor\u00f3w, usprawnione funkcje ochrony prywatno\u015bci, dodatkowe wsparcie WebRTC, wsparcie dla j\u0119zyk\u00f3w pisanych od prawej do lewej strony (RTL) oraz infrastruktur\u0119 do p\u0142atno\u015bci NFC.<\/p>\n<p><a href=\"https:\/\/blog.mozilla.org\/press-pl\/files\/2015\/03\/Runcible-2-03-med.jpg\"><img decoding=\"async\" loading=\"lazy\" class=\"  wp-image-1417 alignright\" src=\"https:\/\/blog.mozilla.org\/press-pl\/files\/2015\/03\/Runcible-2-03-med-600x338.jpg\" alt=\"Runcible-2-03-med\" width=\"249\" height=\"140\" srcset=\"https:\/\/blog.mozilla.org\/press-pl\/files\/2015\/03\/Runcible-2-03-med-600x338.jpg 600w, https:\/\/blog.mozilla.org\/press-pl\/files\/2015\/03\/Runcible-2-03-med-252x142.jpg 252w\" sizes=\"(max-width: 249px) 100vw, 249px\" \/><\/a>\u2022 <a href=\"http:\/\/news.kddi.com\/kddi\/corporate\/english\/newsrelease\/2015\/02\/27\/960.html\" target=\"_blank\">Wcze\u015bniej w tym tygodniu<\/a> KDDI Corporation og\u0142osi\u0142a inwestycj\u0119 w Monohm, dostawc\u0119 innowacyjnych urz\u0105dze\u0144 IoT opartych o Firefox OS. Pierwszy produkt \u201eRuncible\u201c b\u0119dzie wystawiony na stoisku Mozilli podczas MWC 2015<\/p>\n<p><a href=\"https:\/\/blog.mozilla.org\/press-pl\/files\/2015\/03\/Panasonic-VIERA-TX-CR730.jpg\"><img decoding=\"async\" loading=\"lazy\" class=\"  wp-image-1416 alignleft\" src=\"https:\/\/blog.mozilla.org\/press-pl\/files\/2015\/03\/Panasonic-VIERA-TX-CR730-600x559.jpg\" alt=\"Panasonic VIERA TX-CR730\" width=\"222\" height=\"207\" srcset=\"https:\/\/blog.mozilla.org\/press-pl\/files\/2015\/03\/Panasonic-VIERA-TX-CR730-600x559.jpg 600w, https:\/\/blog.mozilla.org\/press-pl\/files\/2015\/03\/Panasonic-VIERA-TX-CR730-252x235.jpg 252w\" sizes=\"(max-width: 222px) 100vw, 222px\" \/><\/a>Ekosystem Firefox OS rozwija si\u0119 wraz z nowymi partnerami i udost\u0119pnianiem kolejnych urz\u0105dze\u0144 \u2013 od telewizora <a href=\"http:\/\/news.panasonic.co.uk\/pressreleases\/panasonic-unveils-new-my-home-screen-2-0-tv-user-interface-powered-by-firefox-os-1120532\" target=\"_blank\">Panasonic 4K Ultra HD<\/a> do najbardziej przyst\u0119pnego cenowo smartfona na \u015bwiecie:<\/p>\n<p>\u201eKilka miesi\u0119cy temu, Cherry Mobile przedstawi\u0142a ACE \u2013 pierwszy smartfon Firefox OS na Filipinach, kt\u00f3ry jest jednocze\u015bnie najbardziej przyst\u0119pnym cenowo smartfonem na \u015bwiecie. Cieszymy si\u0119, \u017ce ACE zbiera du\u017co pozytywnych opinii na rynku i pomaga wielu konsumentom przej\u015b\u0107 ze starszych modeli telefon\u00f3w na smartfony. Poprzez blisk\u0105 wsp\u00f3\u0142prac\u0119 z Firefox OS Mozilli b\u0119dziemy kontynuowa\u0107 dostarczanie przyst\u0119pnych urz\u0105dze\u0144 dobrej jako\u015bci\u201d \u2013 powiedzia\u0142 Maynard Ngu, CEO Cherry Mobile.<\/p>\n<p>W przysz\u0142ym roku Firefox OS b\u0119dzie ju\u017c dost\u0119pny u wiod\u0105cych operator\u00f3w na ponad 40 rynkach na 17 modelach smartfon\u00f3w.<\/p>\n<p>Pod\u0105\u017caj\u0105c za koncepcj\u0105 \u201eInternetu przedmiot\u00f3w\u201c (IoT) Firefox OS uwalnia potencja\u0142 sieci jako platformy i b\u0119dzie kontynuowa\u0107 rozw\u00f3j na rynkach i w kategoriach urz\u0105dze\u0144, wykorzystuj\u0105c technologi\u0119 otwartej sieci. Umo\u017cliwi to operatorom, producentom sprz\u0119tu i deweloperom tworzenie innowacyjnych aplikacji i produkt\u00f3w dla konsument\u00f3w, kt\u00f3rych b\u0119d\u0105 mogli u\u017cywa\u0107 na r\u00f3\u017cnych urz\u0105dzeniach.<\/p>\n<p>Tworzenie mobilnych tre\u015bci na urz\u0105dzeniach mobilnych<br \/>\nMozilla zaprezentowa\u0142a dzi\u015b beta wersj\u0119 Webmakera, darmowej i otwartej aplikacji do tworzenia tre\u015bci na urz\u0105dzenia mobilne, kt\u00f3ra nie jest tak skomplikowana jak tradycyjne tworzenie stron. Webmaker b\u0119dzie dost\u0119pny na Androida, Firefox OS i poprzez nowoczesn\u0105 mobiln\u0105 przegl\u0105dark\u0119 na innych urz\u0105dzeniach w prawie 20 j\u0119zykach. Wi\u0119cej informacji: <a href=\"https:\/\/webmaker.org\/localweb\" target=\"_blank\">webmaker.org\/localweb<\/a><\/p>\n<p><strong>O Mozilli<\/strong><br \/>\nMozilla od ponad dekady jest pionierem innowacyjnych rozwi\u0105za\u0144 i obro\u0144c\u0105 wolno\u015bci w Internecie. Tworzymy i promujemy otwarte standardy, umo\u017cliwiaj\u0105ce innowacje i rozw\u00f3j Sieci jako platformy dost\u0119pnej dla wszystkich. Dzi\u015b setki milion\u00f3w u\u017cytkownik\u00f3w u\u017cywaj\u0105 przegl\u0105darki Mozilla Firefox, aby w najwygodniejszy dla siebie spos\u00f3b korzysta\u0107 z Internetu na komputerach, tabletach i telefonach kom\u00f3rkowych. Dzi\u0119ki Firefox OS i Firefox Marketplace Mozilla rozwija mobilny ekosystem w ca\u0142o\u015bci zbudowany na otwartych standardach sieciowych, uniezale\u017cniaj\u0105c mobilnych dostawc\u00f3w, producent\u00f3w, deweloper\u00f3w i u\u017cytkownik\u00f3w od ogranicze\u0144 typowych dla platform w\u0142asno\u015bciowych. Aby dowiedzie\u0107 si\u0119 wi\u0119cej, zapraszamy do odwiedzenia strony: <a href=\"http:\/\/www.mozilla.org\" target=\"_blank\">http:\/\/www.mozilla.org<\/a><\/p>\n<p><strong>Kontakt<\/strong><br \/>\nZ biurem prasowym Mozilli mo\u017cna kontaktowa\u0107 si\u0119 pisz\u0105c na adres <a href=\"mailto:press@mozilla.com\">press@mozilla.com<\/a><br \/>\nOdwied\u017a Mozill\u0119 na MWC 2015 w Hali 3, stoisko 3C30.<\/p>\n","protected":false},"excerpt":{"rendered":"<p>Orange wprowadzi Firefox OS na 13 rynkach w Afryce i na Bliskim Wschodzie; Mozilla, KDDI, LG U+, Telef\u00f3nica i Verizon pracuj\u0105 nad now\u0105 kategori\u0105 telefon\u00f3w z systemem Firefox OS. Barcelona, &hellip; <a class=\"go\" href=\"https:\/\/blog.mozilla.org\/press-pl\/2015\/03\/01\/firefox-os-potwierdza-elastycznosc-sieci-ekosystem-rozszerza-sie-o-nowych-partnerow-kategorie-urzadzen-i-regiony-w-2015\/\">Czytaj wi\u0119cej<\/a><\/p>\n","protected":false},"author":494,"featured_media":0,"comment_status":"closed","ping_status":"closed","sticky":false,"template":"","format":"standard","meta":{"footnotes":""},"categories":[39,24660],"tags":[],"_links":{"self":[{"href":"https:\/\/blog.mozilla.org\/press-pl\/wp-json\/wp\/v2\/posts\/1412"}],"collection":[{"href":"https:\/\/blog.mozilla.org\/press-pl\/wp-json\/wp\/v2\/posts"}],"about":[{"href":"https:\/\/blog.mozilla.org\/press-pl\/wp-json\/wp\/v2\/types\/post"}],"author":[{"embeddable":true,"href":"https:\/\/blog.mozilla.org\/press-pl\/wp-json\/wp\/v2\/users\/494"}],"replies":[{"embeddable":true,"href":"https:\/\/blog.mozilla.org\/press-pl\/wp-json\/wp\/v2\/comments?post=1412"}],"version-history":[{"count":0,"href":"https:\/\/blog.mozilla.org\/press-pl\/wp-json\/wp\/v2\/posts\/1412\/revisions"}],"wp:attachment":[{"href":"https:\/\/blog.mozilla.org\/press-pl\/wp-json\/wp\/v2\/media?parent=1412"}],"wp:term":[{"taxonomy":"category","embeddable":true,"href":"https:\/\/blog.mozilla.org\/press-pl\/wp-json\/wp\/v2\/categories?post=1412"},{"taxonomy":"post_tag","embeddable":true,"href":"https:\/\/blog.mozilla.org\/press-pl\/wp-json\/wp\/v2\/tags?post=1412"}],"curies":[{"name":"wp","href":"https:\/\/api.w.org\/{rel}","templated":true}]}}