{"id":1645,"date":"2016-10-12T09:26:41","date_gmt":"2016-10-12T07:26:41","guid":{"rendered":"http:\/\/blog.mozilla.org\/press-pl\/?p=1645"},"modified":"2016-10-12T09:26:42","modified_gmt":"2016-10-12T07:26:42","slug":"maker-party-2016-stan-w-obronie-lepszego-internetu","status":"publish","type":"post","link":"https:\/\/blog.mozilla.org\/press-pl\/2016\/10\/12\/maker-party-2016-stan-w-obronie-lepszego-internetu\/","title":{"rendered":"Maker Party 2016: Sta\u0144 w obronie lepszego Internetu"},"content":{"rendered":"<p><em>Mozilla jak co roku \u015bwi\u0119tuje tw\u00f3rczo\u015b\u0107 online i kwestionuje nieaktualne prawo autorskie w Unii Europejskiej.<\/em><\/p>\n<p>Mozilla<\/p>\n<p>Nadszed\u0142 ten czas w roku: Maker Party.<\/p>\n<p>Ka\u017cdego roku Mozilla obchodzi \u015bwi\u0119to, kt\u00f3re ma na celu zainspirowanie ludzi do nauki i tworzenia online. Ka\u017cdy mo\u017ce wzi\u0105\u0107 w nim udzia\u0142 \u2013 arty\u015bci spotykaj\u0105 si\u0119 z nauczycielami, aktywi\u015bci dziel\u0105 pomys\u0142ami z koderami, a przedsi\u0119biorcy rozmawiaj\u0105 z tw\u00f3rcami.<\/p>\n<p>W tym roku mamy r\u00f3wnie\u017c misj\u0119: kwestionujemy przestarza\u0142e prawo autorskie obowi\u0105zuj\u0105ce w Unii Europejskiej. Nie stoi ono po stronie nauki i tw\u00f3rczo\u015bci online. Podwa\u017ca kreatywno\u015b\u0107, wyobra\u017ani\u0119 i wolno\u015b\u0107 s\u0142owa na ca\u0142ym kontynencie. Denelle Dixon-Thayer napisa\u0142a o tym <a href=\"https:\/\/blog.mozilla.org\/blog\/2016\/09\/14\/commission-proposal-to-reform-copyright-is-inadequate\/\">w swoim ostatnim wpisie na blogu<\/a>.<\/p>\n<p>Edukuj\u0105c i inspiruj\u0105c ludzi do wzi\u0119cia udzia\u0142u w naszej akcji, mo\u017cemy uaktualni\u0107 prawo autorskie, aby spe\u0142nia\u0142o wymagania XXI wieku.<\/p>\n<p>W ci\u0105gu kilku ostatnich miesi\u0119cy u\u017cytkownicy Internetu podpisywali petycj\u0119 i ogl\u0105dali przygotowane przez nas materia\u0142y wideo, aby pom\u00f3c nam w osi\u0105gni\u0119ciu celu. Dzi\u015b dzielimy si\u0119 aktywno\u015bciami, kt\u00f3re mo\u017cecie wykorzysta\u0107 na swoim w\u0142asnym Maker Party.<\/p>\n<p>Chcesz si\u0119 przy\u0142\u0105czy\u0107? Maker Party oficjalnie startuje dzisiaj. Oto co mo\u017cesz zrobi\u0107:<\/p>\n<p><strong>\u00a0<\/strong><strong>Zosta\u0144 bohaterem prawa autorskiego<\/strong><\/p>\n<p>Poza wydarzeniami na \u017cywo, w kt\u00f3rych mo\u017cesz uczestniczy\u0107 lub nawet je zorganizowa\u0107, umo\u017cliwili\u015bmy naszej globalnej spo\u0142eczno\u015bci do\u0142\u0105czenie do inicjatywy.<\/p>\n<p>Chcemy po\u0142\u0105czy\u0107 wspieraj\u0105cych Mozill\u0119 na ca\u0142ym \u015bwiecie i zwi\u0119kszy\u0107 liczb\u0119 grafik w domenie publicznej. Chcemy pokaza\u0107, do czego jest zdolna internetowa spo\u0142eczno\u015b\u0107. Domena publiczna umo\u017cliwia rozw\u00f3j otwartego internetu.<\/p>\n<p>Odwied\u017a nasz\u0105 stron\u0119 i dowiedz si\u0119, jak do nas do\u0142\u0105czy\u0107. To Ty powiniene\u015b by\u0107 w\u0142a\u015bcicielem praw autorskich, bez wzgl\u0119du na to czy Twoja tw\u00f3rczo\u015b\u0107 jest zabawna, powa\u017cna czy artystyczna. <a href=\"https:\/\/learning.mozilla.org\/en-US\/events\/resources\">Rozpocznij tutaj<\/a>.<\/p>\n<p>Aby uzyska\u0107 wi\u0119cej informacji o tym jak doda\u0107 Twoje dzie\u0142o to domeny publicznej lub Creative Commons, wejd\u017a <a href=\"https:\/\/learning.mozilla.org\/en-US\/events\/resources\">tu<\/a>.<\/p>\n<p><a href=\"http:\/\/blog.mozilla.org\/press-pl\/2016\/10\/12\/maker-party-2016-stan-w-obronie-lepszego-internetu\/02_makerparty-600x300\/\" rel=\"attachment wp-att-1646\"><img decoding=\"async\" loading=\"lazy\" class=\"aligncenter size-large wp-image-1646\" src=\"https:\/\/blog.mozilla.org\/press-pl\/files\/2016\/10\/02_makerparty-600x300-600x300.jpg\" alt=\"02_makerparty-600x300\" width=\"600\" height=\"300\" srcset=\"https:\/\/blog.mozilla.org\/press-pl\/files\/2016\/10\/02_makerparty-600x300.jpg 600w, https:\/\/blog.mozilla.org\/press-pl\/files\/2016\/10\/02_makerparty-600x300-252x126.jpg 252w\" sizes=\"(max-width: 600px) 100vw, 600px\" \/><\/a><\/p>\n<p><strong>Post Crimes<\/strong><\/p>\n<p>Mozilla stworzy\u0142a aplikacj\u0119, kt\u00f3ra ilustruje jak stare s\u0105 niekt\u00f3re regulacje prawa autorskiego obowi\u0105zuj\u0105ce w Unii Europejskiej \u2013 na przyk\u0142ad robienie zdj\u0119\u0107 niekt\u00f3rych znanych na ca\u0142ym \u015bwiecie widok\u00f3w jest nielegalne. Wypr\u00f3buj nasz\u0105 aplikacj\u0119 Post Crimes: zr\u00f3b selfie przed o\u015bwietlon\u0105 noc\u0105 Wie\u017c\u0105 Eiffla lub Ma\u0142\u0105 Syrenk\u0105 w Danii.<\/p>\n<p>Nast\u0119pnie wy\u015blij swoje selfie do cz\u0142onka Parlamentu Europejskiego reprezentuj\u0105cego Tw\u00f3j kraj. Poka\u017cmy tw\u00f3rcom prawa w Europie jak stare jest prawo autorskie i zach\u0119\u0107my ich do prac nad reform\u0105. <a href=\"http:\/\/postcrimes.org\/\">Aby zacz\u0105\u0107 odwied\u017a t\u0119 stron\u0119<\/a>.<\/p>\n<p><strong>Meme School<\/strong><\/p>\n<p>To absurdalne, ale prawdziwe: tworzenie mem\u00f3w mo\u017ce by\u0107 nielegalne w niekt\u00f3rych cz\u0119\u015bciach Unii Europejskiej. Dlaczego? Wyj\u0105tki dla parodii i cytat\u00f3w nie s\u0105 jednolicie okre\u015blone w obecnym prawie autorskim.<\/p>\n<p>Pom\u00f3\u017c Mozilli broni\u0107 kreatywno\u015bci, \u017cart\u00f3w i fantazji poprzez memy! Ty i Twoi znajomi dowiecie si\u0119 jak skomplikowane mo\u017ce by\u0107 prawo autorskie. <a href=\"https:\/\/learning.mozilla.org\/en-US\/events\/resources\">Rozpocznijcie tutaj<\/a>.<\/p>\n<p><a href=\"http:\/\/blog.mozilla.org\/press-pl\/2016\/10\/12\/maker-party-2016-stan-w-obronie-lepszego-internetu\/jert0qlbsxpljieuys9hcvvzn45ckvqoeykzsesarbrfcknsfsw720mxzcthtgb7gq-phoj5qzshsfcw1339-h575\/\" rel=\"attachment wp-att-1647\"><img decoding=\"async\" loading=\"lazy\" class=\"aligncenter size-full wp-image-1647\" src=\"https:\/\/blog.mozilla.org\/press-pl\/files\/2016\/10\/jerT0QlBSxplJIEuYs9hcvVzN45cKvQoeyKzsEsArbRFcknsfSW720mXzCthTgb7gQ-pHoj5QZSHsfcw1339-h575.jpg\" alt=\"jert0qlbsxpljieuys9hcvvzn45ckvqoeykzsesarbrfcknsfsw720mxzcthtgb7gq-phoj5qzshsfcw1339-h575\" width=\"575\" height=\"575\" srcset=\"https:\/\/blog.mozilla.org\/press-pl\/files\/2016\/10\/jerT0QlBSxplJIEuYs9hcvVzN45cKvQoeyKzsEsArbRFcknsfSW720mXzCthTgb7gQ-pHoj5QZSHsfcw1339-h575.jpg 575w, https:\/\/blog.mozilla.org\/press-pl\/files\/2016\/10\/jerT0QlBSxplJIEuYs9hcvVzN45cKvQoeyKzsEsArbRFcknsfSW720mXzCthTgb7gQ-pHoj5QZSHsfcw1339-h575-160x160.jpg 160w, https:\/\/blog.mozilla.org\/press-pl\/files\/2016\/10\/jerT0QlBSxplJIEuYs9hcvVzN45cKvQoeyKzsEsArbRFcknsfSW720mXzCthTgb7gQ-pHoj5QZSHsfcw1339-h575-252x252.jpg 252w\" sizes=\"(max-width: 575px) 100vw, 575px\" \/><\/a><\/p>\n<p>Nie mo\u017cemy si\u0119 ju\u017c doczeka\u0107, \u017ceby zobaczy\u0107 co stworzycie. Bior\u0105c udzia\u0142 nie tylko\u00a0 przyczyniacie si\u0119 do wprowadzenia reformy prawa autorskiego, ale bronicie te\u017c kreatywno\u015bci, innowacji i mo\u017cliwo\u015bci w sieci.<\/p>\n<p>\u015aled\u017a dyskusj\u0119 na Twitterze: #cczero.<\/p>\n","protected":false},"excerpt":{"rendered":"<p>Mozilla jak co roku \u015bwi\u0119tuje tw\u00f3rczo\u015b\u0107 online i kwestionuje nieaktualne prawo autorskie w Unii Europejskiej. Mozilla Nadszed\u0142 ten czas w roku: Maker Party. Ka\u017cdego roku Mozilla obchodzi \u015bwi\u0119to, kt\u00f3re ma &hellip; <a class=\"go\" href=\"https:\/\/blog.mozilla.org\/press-pl\/2016\/10\/12\/maker-party-2016-stan-w-obronie-lepszego-internetu\/\">Czytaj wi\u0119cej<\/a><\/p>\n","protected":false},"author":494,"featured_media":0,"comment_status":"closed","ping_status":"closed","sticky":false,"template":"","format":"standard","meta":{"footnotes":""},"categories":[53770],"tags":[],"_links":{"self":[{"href":"https:\/\/blog.mozilla.org\/press-pl\/wp-json\/wp\/v2\/posts\/1645"}],"collection":[{"href":"https:\/\/blog.mozilla.org\/press-pl\/wp-json\/wp\/v2\/posts"}],"about":[{"href":"https:\/\/blog.mozilla.org\/press-pl\/wp-json\/wp\/v2\/types\/post"}],"author":[{"embeddable":true,"href":"https:\/\/blog.mozilla.org\/press-pl\/wp-json\/wp\/v2\/users\/494"}],"replies":[{"embeddable":true,"href":"https:\/\/blog.mozilla.org\/press-pl\/wp-json\/wp\/v2\/comments?post=1645"}],"version-history":[{"count":0,"href":"https:\/\/blog.mozilla.org\/press-pl\/wp-json\/wp\/v2\/posts\/1645\/revisions"}],"wp:attachment":[{"href":"https:\/\/blog.mozilla.org\/press-pl\/wp-json\/wp\/v2\/media?parent=1645"}],"wp:term":[{"taxonomy":"category","embeddable":true,"href":"https:\/\/blog.mozilla.org\/press-pl\/wp-json\/wp\/v2\/categories?post=1645"},{"taxonomy":"post_tag","embeddable":true,"href":"https:\/\/blog.mozilla.org\/press-pl\/wp-json\/wp\/v2\/tags?post=1645"}],"curies":[{"name":"wp","href":"https:\/\/api.w.org\/{rel}","templated":true}]}}